{"id":3921,"date":"1946-01-01T13:24:00","date_gmt":"1946-01-01T13:24:00","guid":{"rendered":"https:\/\/rajongo.lmvk.hu\/?p=3921"},"modified":"2020-05-24T13:25:03","modified_gmt":"2020-05-24T13:25:03","slug":"1946-januar-1","status":"publish","type":"post","link":"https:\/\/rajongo.lmvk.hu\/?p=3921","title":{"rendered":"1946. janu\u00e1r 1."},"content":{"rendered":"\n<p>Elm\u00falt az \u00e9v &#8211; de ez nem 1945, hanem 1345 lehetett volna -akkor sem szakadt annyi siralom a vil\u00e1gra, a k\u00f6z\u00e9pkor ehhez k\u00e9pest b\u00e9k\u00e9s \u00e9s idillikus volt. Filoz\u00f3fusok s m\u0171v\u00e9szek \u00e9lt\u00e9k \u00e9let\u00fcket, s akit a sors egy olyan helyre vetett, ami nem volt a h\u00e1bor\u00fa \u00fatj\u00e1ban, nem is igen tudott a vil\u00e1g bajair\u00f3l. Ebben az \u00e9vben \u00e1br\u00e1ndultam ki alaposan az emberis\u00e9gb\u0151l \u2014 persze a k\u00f6zvetlen tapasztalatok nyom\u00e1n, amik hazulr\u00f3l \u00e9rtek. A piszok felszakadt ott is, a j\u00f3 magyar szennyv\u00edz, s be\u00f6ml\u00f6tt a n\u00e9met b\u00fcd\u00f6ss\u00e9g-\u00f3ce\u00e1nba &#8211; mag\u00e1val sodorva t\u00f6k\u00e9letesen \u00e1rtatlan emberek sz\u00e1zezreit. Az igazs\u00e1g\u00e9rzet, ami legjobban l\u00e1zong az emberben, hogy mondjuk egy szeg\u00e9ny zsid\u00f3 asszonyt Hej\u0151csab\u00e1r\u00f3l elvisznek Auschwitzba el\u00e9getni. Mi ez? Hol van ennek a b\u0171np\u00f6re, let\u00e1rgyal\u00e1sa, igazs\u00e1gszolg\u00e1ltat\u00e1sa? A n\u00fcrnbergi t\u00e1rgyal\u00e1s, b\u00e1r nagy dolog &#8211; csak egy pici megmozdul\u00e1sa az \u00e1ltal\u00e1nos igazs\u00e1gt\u00e9telnek, jobban mondva a jogrend helyre\u00e1ll\u00edt\u00e1s\u00e1nak.<\/p>\n\n\n\n<p>Dr\u00e1ga any\u00e1m hal\u00e1lh\u00edre j\u00f6tt \u2014 \u0151 volt igaz\u00e1n a szepl\u0151tlen, remek teremt\u00e9s &#8211; a j\u00f3s\u00e1g, a gondoskod\u00e1s &#8211; ez\u00e9rt volt \u00e9rdemes sz\u00fcletni, hogy \u0151t megismerjem. Fekete csal\u00e1di h\u00edrek; Emmy es \u00c9ti tragikus pusztul\u00e1sa \u2014 n\u0151v\u00e9rem csal\u00e1dj\u00e1r\u00f3l m\u00e9g ma sincs h\u00edrem &#8211; Gott strafe Hitler*! Megint a k\u00ednz\u00f3 k\u00e9rd\u00e9s &#8211; hogy lehetett ezt a diszn\u00f3t egy napig megt\u0171rni, mint leadert**? Most tulajdonk\u00e9ppen ki volna tiszt\u00edtva a szem\u00e9tdomb \u2014 fel lehetne \u00e9p\u00edteni az emberi, a vil\u00e1gt\u00e1rsadalmat &#8211; de megint j\u00f6nni fognak gonosz bolondok, kifejez\u0151i az emberekben rejl\u0151 gonoszs\u00e1gnak s \u0151r\u00fclts\u00e9gnek, akik \u00fajabb, m\u00e9g vesz\u00e9lyesebb v\u00e9rengz\u00e9sbe d\u00f6ntik a vil\u00e1got.<\/p>\n","protected":false},"excerpt":{"rendered":"<p>Elm\u00falt az \u00e9v &#8211; de ez nem 1945, hanem 1345 lehetett volna -akkor sem szakadt annyi siralom a vil\u00e1gra, a k\u00f6z\u00e9pkor ehhez k\u00e9pest b\u00e9k\u00e9s \u00e9s [&hellip;]<\/p>\n","protected":false},"author":1,"featured_media":0,"comment_status":"open","ping_status":"open","sticky":false,"template":"","format":"standard","meta":{"novablocks_hero_scroll_indicator":false,"novablocks_hero_position_indicators":false},"categories":[1],"tags":[],"_links":{"self":[{"href":"https:\/\/rajongo.lmvk.hu\/index.php?rest_route=\/wp\/v2\/posts\/3921"}],"collection":[{"href":"https:\/\/rajongo.lmvk.hu\/index.php?rest_route=\/wp\/v2\/posts"}],"about":[{"href":"https:\/\/rajongo.lmvk.hu\/index.php?rest_route=\/wp\/v2\/types\/post"}],"author":[{"embeddable":true,"href":"https:\/\/rajongo.lmvk.hu\/index.php?rest_route=\/wp\/v2\/users\/1"}],"replies":[{"embeddable":true,"href":"https:\/\/rajongo.lmvk.hu\/index.php?rest_route=%2Fwp%2Fv2%2Fcomments&post=3921"}],"version-history":[{"count":1,"href":"https:\/\/rajongo.lmvk.hu\/index.php?rest_route=\/wp\/v2\/posts\/3921\/revisions"}],"predecessor-version":[{"id":3922,"href":"https:\/\/rajongo.lmvk.hu\/index.php?rest_route=\/wp\/v2\/posts\/3921\/revisions\/3922"}],"wp:attachment":[{"href":"https:\/\/rajongo.lmvk.hu\/index.php?rest_route=%2Fwp%2Fv2%2Fmedia&parent=3921"}],"wp:term":[{"taxonomy":"category","embeddable":true,"href":"https:\/\/rajongo.lmvk.hu\/index.php?rest_route=%2Fwp%2Fv2%2Fcategories&post=3921"},{"taxonomy":"post_tag","embeddable":true,"href":"https:\/\/rajongo.lmvk.hu\/index.php?rest_route=%2Fwp%2Fv2%2Ftags&post=3921"}],"curies":[{"name":"wp","href":"https:\/\/api.w.org\/{rel}","templated":true}]}}