{"id":3902,"date":"1946-04-28T13:18:00","date_gmt":"1946-04-28T13:18:00","guid":{"rendered":"https:\/\/rajongo.lmvk.hu\/?p=3902"},"modified":"2020-05-24T13:18:53","modified_gmt":"2020-05-24T13:18:53","slug":"new-york-1946-aprilis-28","status":"publish","type":"post","link":"https:\/\/rajongo.lmvk.hu\/?p=3902","title":{"rendered":"New York, 1946. \u00e1prilis 28."},"content":{"rendered":"\n<p>Hollywoodba \u00fagy beleragad az ember, mint a legypapirba; el kell onnan j\u00f6nni id\u0151nk\u00e9nt. S b\u00e1r nem volt \u201eracion\u00e1lis ok ra, Lidi, kinek ebben sokkal jobb \u00e9rz\u00e9ke van, egyszerre New Yorkra hat\u00e1rozta el mag\u00e1t, s milyen j\u00f3, hogy idej\u00f6tt\u00fcnk. Megint emberi, v\u00e1rosi k\u00f6rnyezet &#8211; biztos talaj, s ha nem is biztos, mindenesetre talajt \u00e9rz\u00fcnk a l\u00e1bunk alatt s k\u00f6r\u00fcl\u00f6tt\u00fcnk. V\u00e1ros &#8211; \u00e9s emberek, nem ki\u00fcr\u00fclt csirkefog\u00f3k s celluloid lelkek.<\/p>\n\n\n\n<p>Tegnap Takar\u00f3 kis templom\u00e1ban Kelemen tan\u00e1r el\u0151ad\u00e1sa D\u00e9l-Amerik\u00e1r\u00f3l (unalmas). De \u0151 nagy kutat\u00f3ja a r\u00e9gi amerikai eml\u00e9keknek (t\u00e1rgyaknak, r\u00e9gis\u00e9geknek). Hozz\u00e1m j\u00f6n el\u0151ad\u00e1s ut\u00e1n \u00e9s azt mondja: sohasem felejtettem el az On darabjat, amit mint di\u00e1k l\u00e1ttam a V\u00edgsz\u00ednh\u00e1zban: A Pr\u00f3f\u00e9t\u00e1t. A Pr\u00f3f\u00e9ta akkor rettenetesen megbukott. De megmaradt egy-k\u00e9t ember eml\u00e9kezet\u00e9ben. \u00c9rdemes volt meg\u00edrni. \u00c9rdemes sz\u00e9p gondolatot, tisztess\u00e9ges munk\u00e1t csin\u00e1lni. S\u0151t &#8211; csak ezt \u00e9rdemes. \u00edr\u00f3nak lenni \u2014 b\u00e1rmely furcs\u00e1n hangzik is ez ebben a kommerci\u00e1lis vil\u00e1gban. Moln\u00e1r mondja, hogy Csehov Cseresny\u00e9skert c\u00edm\u0171 darabj\u00e1nak premierj\u00e9r\u0151l \u00edrva, a New York Times \u00edgy kezdte: Ez tulajdonk\u00e9ppen egy \u201ere\u00e1l estate\u201d-t\u00e9ma*. Moln\u00e1r t\u00fal keser\u0171, s k\u00f6znapian, nem gigantikus\u00e1n pesszimista. S nem is fejezi ki f\u00e9lelmeit, s pesszimizmus\u00e1t \u00edr\u00e1saiban &#8211; amit kellene csin\u00e1lnia. Atreszketett \u00e9let.<\/p>\n","protected":false},"excerpt":{"rendered":"<p>Hollywoodba \u00fagy beleragad az ember, mint a legypapirba; el kell onnan j\u00f6nni id\u0151nk\u00e9nt. S b\u00e1r nem volt \u201eracion\u00e1lis ok ra, Lidi, kinek ebben sokkal jobb [&hellip;]<\/p>\n","protected":false},"author":1,"featured_media":0,"comment_status":"open","ping_status":"open","sticky":false,"template":"","format":"standard","meta":{"novablocks_hero_scroll_indicator":false,"novablocks_hero_position_indicators":false},"categories":[1],"tags":[],"_links":{"self":[{"href":"https:\/\/rajongo.lmvk.hu\/index.php?rest_route=\/wp\/v2\/posts\/3902"}],"collection":[{"href":"https:\/\/rajongo.lmvk.hu\/index.php?rest_route=\/wp\/v2\/posts"}],"about":[{"href":"https:\/\/rajongo.lmvk.hu\/index.php?rest_route=\/wp\/v2\/types\/post"}],"author":[{"embeddable":true,"href":"https:\/\/rajongo.lmvk.hu\/index.php?rest_route=\/wp\/v2\/users\/1"}],"replies":[{"embeddable":true,"href":"https:\/\/rajongo.lmvk.hu\/index.php?rest_route=%2Fwp%2Fv2%2Fcomments&post=3902"}],"version-history":[{"count":1,"href":"https:\/\/rajongo.lmvk.hu\/index.php?rest_route=\/wp\/v2\/posts\/3902\/revisions"}],"predecessor-version":[{"id":3903,"href":"https:\/\/rajongo.lmvk.hu\/index.php?rest_route=\/wp\/v2\/posts\/3902\/revisions\/3903"}],"wp:attachment":[{"href":"https:\/\/rajongo.lmvk.hu\/index.php?rest_route=%2Fwp%2Fv2%2Fmedia&parent=3902"}],"wp:term":[{"taxonomy":"category","embeddable":true,"href":"https:\/\/rajongo.lmvk.hu\/index.php?rest_route=%2Fwp%2Fv2%2Fcategories&post=3902"},{"taxonomy":"post_tag","embeddable":true,"href":"https:\/\/rajongo.lmvk.hu\/index.php?rest_route=%2Fwp%2Fv2%2Ftags&post=3902"}],"curies":[{"name":"wp","href":"https:\/\/api.w.org\/{rel}","templated":true}]}}