{"id":3880,"date":"1946-06-28T13:12:00","date_gmt":"1946-06-28T13:12:00","guid":{"rendered":"https:\/\/rajongo.lmvk.hu\/?p=3880"},"modified":"2020-05-24T13:12:35","modified_gmt":"2020-05-24T13:12:35","slug":"1946-junius-28","status":"publish","type":"post","link":"https:\/\/rajongo.lmvk.hu\/?p=3880","title":{"rendered":"1946. J\u00fanius 28."},"content":{"rendered":"\n<p>Moln\u00e1rban \u00f6rd\u00f6gi, ahogy a l\u00e1ny\u00e1ra s unok\u00e1ira gondol &#8211; hogy nem k\u00edv\u00e1n vel\u00fck semmi kontaktust, mert f\u00e9l, hogy megpumpolj\u00e1k. Goriot ap\u00f3. Panaszolja, hogy unok\u00e1j\u00e1nak \u00e1ll\u00edt\u00f3lag sz\u00e9p hangja van, s ahelyett, hogy opera\u00e9nekesn\u0151nek k\u00e9pezn\u00e9k, hogy mint Jeritza sok p\u00e9nzt keressen, orat\u00f3rium-\u00e9nekesn\u0151t akarnak bel\u0151le csin\u00e1lni, aki minden negyed\u00e9vben \u00e9nekel egy Haydnt -ingyen! S hogy k\u00e9t fiuunokajat mtezetben nevelik. Int\u00e9zetben. Mi\u00e9rt nem adj\u00e1k iparosseg\u00e9dnek &#8211; ki\u00e1ltja. Mi\u00e9rt gondoljak r\u00e1juk gy\u00f6ng\u00e9ds\u00e9ggel \u2014 mondja \u2014, mikor tudom, legboldogabb \u00f3r\u00e1juk lesz, amikor megkapj\u00e1k a t\u00e1viratot, hogy felfordultam&#8230; Nem csin\u00e1lok v\u00e9grendeletet! \u2014 kiab\u00e1lja az utc\u00e1n \u2014 s mindent a legnagyobb rendetlens\u00e9gben hagyok \u2014 majd a t\u00f6rv\u00e9ny int\u00e9zze el. S ezt Wanda* el\u0151tt mondja, aki igaz\u00e1n ig\u00e9nyt tarthatna r\u00e1, hogy gondoskodjon r\u00f3la, aki ell\u00e1tja minden h\u00e1zi dolg\u00e1t, \u00e1polja s mellette van. T\u00e9nyleg van benne a m\u00e9ly\u00e9n valami gyerekes, de \u00f6rd\u00f6gi rosszas\u00e1g. Egy majdnem hetven\u00e9ves J\u00f3zsi.** Minden j\u00f3 \u00edr\u00f3 meg\u00edrja akaratlanul is a saj\u00e1t portr\u00e9j\u00e1t.<\/p>\n\n\n\n<p>Ma r\u00e1di\u00f3hanglemezt csin\u00e1ltunk, s mikor megsz\u00f3laltam, hallv\u00e1n saj\u00e1t hangomat &#8211; igaz\u00e1n nem ismertem sem a sz\u00edn\u00e9re, sem a l\u00e9nyeg\u00e9re&#8230; Egy hat\u00e1rozott \u00e9s er\u0151szakos egy\u00e9nis\u00e9g sz\u00f3lt vissza a lemezr\u0151l. Nem ilyennek k\u00e9pzeltem magam.<\/p>\n","protected":false},"excerpt":{"rendered":"<p>Moln\u00e1rban \u00f6rd\u00f6gi, ahogy a l\u00e1ny\u00e1ra s unok\u00e1ira gondol &#8211; hogy nem k\u00edv\u00e1n vel\u00fck semmi kontaktust, mert f\u00e9l, hogy megpumpolj\u00e1k. Goriot ap\u00f3. Panaszolja, hogy unok\u00e1j\u00e1nak \u00e1ll\u00edt\u00f3lag [&hellip;]<\/p>\n","protected":false},"author":1,"featured_media":0,"comment_status":"open","ping_status":"open","sticky":false,"template":"","format":"standard","meta":{"novablocks_hero_scroll_indicator":false,"novablocks_hero_position_indicators":false},"categories":[1],"tags":[],"_links":{"self":[{"href":"https:\/\/rajongo.lmvk.hu\/index.php?rest_route=\/wp\/v2\/posts\/3880"}],"collection":[{"href":"https:\/\/rajongo.lmvk.hu\/index.php?rest_route=\/wp\/v2\/posts"}],"about":[{"href":"https:\/\/rajongo.lmvk.hu\/index.php?rest_route=\/wp\/v2\/types\/post"}],"author":[{"embeddable":true,"href":"https:\/\/rajongo.lmvk.hu\/index.php?rest_route=\/wp\/v2\/users\/1"}],"replies":[{"embeddable":true,"href":"https:\/\/rajongo.lmvk.hu\/index.php?rest_route=%2Fwp%2Fv2%2Fcomments&post=3880"}],"version-history":[{"count":1,"href":"https:\/\/rajongo.lmvk.hu\/index.php?rest_route=\/wp\/v2\/posts\/3880\/revisions"}],"predecessor-version":[{"id":3881,"href":"https:\/\/rajongo.lmvk.hu\/index.php?rest_route=\/wp\/v2\/posts\/3880\/revisions\/3881"}],"wp:attachment":[{"href":"https:\/\/rajongo.lmvk.hu\/index.php?rest_route=%2Fwp%2Fv2%2Fmedia&parent=3880"}],"wp:term":[{"taxonomy":"category","embeddable":true,"href":"https:\/\/rajongo.lmvk.hu\/index.php?rest_route=%2Fwp%2Fv2%2Fcategories&post=3880"},{"taxonomy":"post_tag","embeddable":true,"href":"https:\/\/rajongo.lmvk.hu\/index.php?rest_route=%2Fwp%2Fv2%2Ftags&post=3880"}],"curies":[{"name":"wp","href":"https:\/\/api.w.org\/{rel}","templated":true}]}}