{"id":3856,"date":"1945-10-04T13:03:00","date_gmt":"1945-10-04T13:03:00","guid":{"rendered":"https:\/\/rajongo.lmvk.hu\/?p=3856"},"modified":"2020-05-24T13:06:35","modified_gmt":"2020-05-24T13:06:35","slug":"1945-oktober-4","status":"publish","type":"post","link":"https:\/\/rajongo.lmvk.hu\/?p=3856","title":{"rendered":"1945. Okt\u00f3ber 4."},"content":{"rendered":"\n<p>Bart\u00f3k B\u00e9la meghalt. A m\u00e1sodik zseni volt, akivel tal\u00e1lkoztam. (Az els\u0151 Ady.) Tavaly l\u00e1ttam \u0151t New Yorkban &#8211; teste m\u00e1r olyan volt, mint egy gyermek\u00e9 \u2014 de szelleme \u00e9l\u00e9nk, energikus. K\u00e1r, hogy nincs arr\u00f3l a sz\u00e9p, \u00e1tszellem\u00fclt fej\u00e9r\u0151l, mely olyan volt, mintha dicsf\u00e9ny ragyogta volna k\u00f6r\u00fcl, egy j\u00f3 k\u00e9pem. Micsoda tehets\u00e9g, s milyen sz\u00edvet t\u00e9p\u0151 k\u00f6r\u00fclm\u00e9nyek k\u00f6z\u00f6tt kellett elme<\/p>\n\n\n\n<p>&#8211; &nbsp; &nbsp; &nbsp; napi gondban, szeg\u00e9nys\u00e9gben! Micsoda t\u00e1rsadalom az, amely egy felismert zseninek nem tudja, nem akarja megadni azokat az \u00e9letk\u00f6r\u00fclm\u00e9nyeket, amit egy jobb f\u0171szeres k\u00f6nnyen el\u00e9r, s n\u00e9lk\u00fcl\u00f6zhetetlennek tart? Minden m\u0171v\u00e9szetben (\u00edr\u00f3, fest\u0151, zen\u00e9sz, tud\u00f3s) nincs t\u00f6bb zseni, mint \u00f6t az eg\u00e9sz vil\u00e1gon. Bart\u00f3k, mint zen\u00e9sz, egyike volt az \u00f6tnek.<\/p>\n\n\n\n<p>Finom ember volt &#8211; sokkal t\u00f6bb &#8211; igaz\u00e1n nagy l\u00e9lek, elmer\u00fclve nemcsak a zen\u00e9ben, hanem annak tudom\u00e1nyos r\u00e9sz\u00e9ben is. Ez a t\u00f6r\u00e9keny kis ember elment n\u00e9pdalok ut\u00e1n kutatni a magyar falukba, az erd\u00e9lyi havasokba, T\u00f6r\u00f6korsz\u00e1gba, az arabok k\u00f6ze- &nbsp; &nbsp; &nbsp; igazi t\u0171z \u00e9lt benne. Nem volt \u201ekedves\u201d &#8211; ink\u00e1bb professzoros, de szeretni kellett, mert olyan tiszta l\u00e9lek volt, s eg\u00e9szen magasrend\u0171 m\u0171v\u00e9sz. Sokszor \u00e9rintkeztem vele att\u00f3l kezdve, hogy a A csod\u00e1latos mandarinra, zen\u00e9t \u00edrt 1916-ban. Micsoda gyal\u00e1zatos dolog volt, hogy a Magyar Kir\u00e1lyi Opera str\u00e9ber igazgat\u00f3ja -m\u00e1r a nev\u00e9t se tudom &#8211; nem adta el\u0151 a m\u0171veit. Biztatni kellett volna, hogy minden \u00e9vben \u00edrjon egy \u00faj oper\u00e1t vagy balettet -megb\u00edz\u00e1st kellett volna adni neki, s akkor ma \u00f6t-hat nagy sz\u00ednpadi zenem\u0171vel gazdagabb lenne a vil\u00e1g zen\u00e9je!<\/p>\n","protected":false},"excerpt":{"rendered":"<p>Bart\u00f3k B\u00e9la meghalt. A m\u00e1sodik zseni volt, akivel tal\u00e1lkoztam. (Az els\u0151 Ady.) Tavaly l\u00e1ttam \u0151t New Yorkban &#8211; teste m\u00e1r olyan volt, mint egy gyermek\u00e9 [&hellip;]<\/p>\n","protected":false},"author":1,"featured_media":0,"comment_status":"open","ping_status":"open","sticky":false,"template":"","format":"standard","meta":{"novablocks_hero_scroll_indicator":false,"novablocks_hero_position_indicators":false},"categories":[1],"tags":[],"_links":{"self":[{"href":"https:\/\/rajongo.lmvk.hu\/index.php?rest_route=\/wp\/v2\/posts\/3856"}],"collection":[{"href":"https:\/\/rajongo.lmvk.hu\/index.php?rest_route=\/wp\/v2\/posts"}],"about":[{"href":"https:\/\/rajongo.lmvk.hu\/index.php?rest_route=\/wp\/v2\/types\/post"}],"author":[{"embeddable":true,"href":"https:\/\/rajongo.lmvk.hu\/index.php?rest_route=\/wp\/v2\/users\/1"}],"replies":[{"embeddable":true,"href":"https:\/\/rajongo.lmvk.hu\/index.php?rest_route=%2Fwp%2Fv2%2Fcomments&post=3856"}],"version-history":[{"count":1,"href":"https:\/\/rajongo.lmvk.hu\/index.php?rest_route=\/wp\/v2\/posts\/3856\/revisions"}],"predecessor-version":[{"id":3861,"href":"https:\/\/rajongo.lmvk.hu\/index.php?rest_route=\/wp\/v2\/posts\/3856\/revisions\/3861"}],"wp:attachment":[{"href":"https:\/\/rajongo.lmvk.hu\/index.php?rest_route=%2Fwp%2Fv2%2Fmedia&parent=3856"}],"wp:term":[{"taxonomy":"category","embeddable":true,"href":"https:\/\/rajongo.lmvk.hu\/index.php?rest_route=%2Fwp%2Fv2%2Fcategories&post=3856"},{"taxonomy":"post_tag","embeddable":true,"href":"https:\/\/rajongo.lmvk.hu\/index.php?rest_route=%2Fwp%2Fv2%2Ftags&post=3856"}],"curies":[{"name":"wp","href":"https:\/\/api.w.org\/{rel}","templated":true}]}}