{"id":3823,"date":"1947-07-13T12:51:00","date_gmt":"1947-07-13T12:51:00","guid":{"rendered":"https:\/\/rajongo.lmvk.hu\/?p=3823"},"modified":"2020-05-24T12:52:07","modified_gmt":"2020-05-24T12:52:07","slug":"1947-julius-13","status":"publish","type":"post","link":"https:\/\/rajongo.lmvk.hu\/?p=3823","title":{"rendered":"1947. J\u00falius 13."},"content":{"rendered":"\n<p>Mindenkinek a jellem\u00e9t helyzete, \u00e9rdekei, s k\u00f6r\u00fclm\u00e9nyei determin\u00e1lj\u00e1k, s aki ez\u00e1ltal nem hagyja mag\u00e1t befoly\u00e1soltatni az az igazi \u201ejellem\u201d. De senki sem k\u00f6teles nagyobb jellemnek lenni, mint amilyet el b\u00edr viselni. Ha m\u00e9gis megteszi, akkor k\u00f6zel \u00e1ll a r\u00e9gi meghat\u00e1roz\u00e1s szerinti tragikus h\u0151s karakter\u00e9hez.<\/p>\n\n\n\n<p>* \u00c9des fiaim (1947)<\/p>\n","protected":false},"excerpt":{"rendered":"<p>Mindenkinek a jellem\u00e9t helyzete, \u00e9rdekei, s k\u00f6r\u00fclm\u00e9nyei determin\u00e1lj\u00e1k, s aki ez\u00e1ltal nem hagyja mag\u00e1t befoly\u00e1soltatni az az igazi \u201ejellem\u201d. De senki sem k\u00f6teles nagyobb jellemnek [&hellip;]<\/p>\n","protected":false},"author":1,"featured_media":0,"comment_status":"open","ping_status":"open","sticky":false,"template":"","format":"standard","meta":{"novablocks_hero_scroll_indicator":false,"novablocks_hero_position_indicators":false},"categories":[1],"tags":[],"_links":{"self":[{"href":"https:\/\/rajongo.lmvk.hu\/index.php?rest_route=\/wp\/v2\/posts\/3823"}],"collection":[{"href":"https:\/\/rajongo.lmvk.hu\/index.php?rest_route=\/wp\/v2\/posts"}],"about":[{"href":"https:\/\/rajongo.lmvk.hu\/index.php?rest_route=\/wp\/v2\/types\/post"}],"author":[{"embeddable":true,"href":"https:\/\/rajongo.lmvk.hu\/index.php?rest_route=\/wp\/v2\/users\/1"}],"replies":[{"embeddable":true,"href":"https:\/\/rajongo.lmvk.hu\/index.php?rest_route=%2Fwp%2Fv2%2Fcomments&post=3823"}],"version-history":[{"count":1,"href":"https:\/\/rajongo.lmvk.hu\/index.php?rest_route=\/wp\/v2\/posts\/3823\/revisions"}],"predecessor-version":[{"id":3825,"href":"https:\/\/rajongo.lmvk.hu\/index.php?rest_route=\/wp\/v2\/posts\/3823\/revisions\/3825"}],"wp:attachment":[{"href":"https:\/\/rajongo.lmvk.hu\/index.php?rest_route=%2Fwp%2Fv2%2Fmedia&parent=3823"}],"wp:term":[{"taxonomy":"category","embeddable":true,"href":"https:\/\/rajongo.lmvk.hu\/index.php?rest_route=%2Fwp%2Fv2%2Fcategories&post=3823"},{"taxonomy":"post_tag","embeddable":true,"href":"https:\/\/rajongo.lmvk.hu\/index.php?rest_route=%2Fwp%2Fv2%2Ftags&post=3823"}],"curies":[{"name":"wp","href":"https:\/\/api.w.org\/{rel}","templated":true}]}}