{"id":3818,"date":"1947-08-30T12:50:00","date_gmt":"1947-08-30T12:50:00","guid":{"rendered":"https:\/\/rajongo.lmvk.hu\/?p=3818"},"modified":"2020-05-24T12:50:50","modified_gmt":"2020-05-24T12:50:50","slug":"1947-augusztus-30","status":"publish","type":"post","link":"https:\/\/rajongo.lmvk.hu\/?p=3818","title":{"rendered":"1947. Augusztus 30."},"content":{"rendered":"\n<p>Tegnapel\u0151tt, cs\u00fct\u00f6rt\u00f6k\u00f6n, meg\u00e9rkezve New Yorkba telefon\u00e1lok Moln\u00e1rnak, hogy egy\u00fctt vacsor\u00e1zzunk. L\u00e1szl\u00f3 doktor a telefonn\u00e1l, hogy valami borzaszt\u00f3 t\u00f6rt\u00e9nt. Wanda m\u00falt \u00e9jjel meghalt&nbsp; D\u00e9lben fedezt\u00e9k fel, \u00e1gy\u00e1ban halva tal\u00e1lta a szobal\u00e1ny. Fiatal, negyven\u00e9ves, kedves, j\u00f3indulat\u00fa teremt\u00e9s volt &#8211; valaki olyan, mint akit Moln\u00e1r kre\u00e1lt volna, egy szerep az \u00dcvegcip\u0151b\u0151l vagy egy n\u0151 a Z\u00f6ld husz\u00e1rb\u00f3l Mindenesetre az \u00e9vek folyam\u00e1n teljesen \u00fagy alak\u00edtotta, ahogy akarta s elk\u00e9pzelte ezt a kedves passz\u00edv, szomor\u00fa l\u00e9nyt. Ma d\u00e9lel\u0151tt m\u00e1r el is temett\u00fck. Mindez olyan rettenetesen val\u00f3sz\u00edn\u0171tlen. Mint amikor egy b\u00e1bu elt\u00f6rik. Lehets\u00e9ges \u00edgy egyszer\u0171en kimenni az \u00e9letb\u0151l? Moln\u00e1r nagyon szenved,\u2019 de \u00fagy, mint egy gyerek: \u00e1lland\u00f3an s\u00edr. Vele egy\u00fctt volt feles\u00e9ge, Lili* is. K\u00fcl\u00f6n\u00f6s, \u00e9rdekes viszonylat. Moln\u00e1r mindig azt kiab\u00e1lta, nem hagy v\u00e9grendeletet, ne \u00f6r\u00fclj\u00f6n senki az \u00f6r\u00f6kl\u00e9snek. No, most m\u00e1r az egyik \u201e\u00f6r\u00f6k\u00f6s\u201d meghalt. \u00dagy hiszem, nagy \u00f6rd\u00f6gi \u00f6nz\u00e9s\u00e9ben s er\u0151s egoj\u00e1val Moln\u00e1r t\u00fal fogja tenni mag\u00e1t rajta, mert hiszen minden\u00e1ron \u00e9s mindenek felett fel\u00fcl akar maradni, s maradjon is. &#8230;&nbsp;<\/p>\n\n\n\n<p>\u00c9rdekes volt Incze reakci\u00f3ja, amikor k\u00f6z\u00f6ltem vele a h\u00edrt p\u00e1r percnyi k\u00fczd\u00e9s ut\u00e1n el\u0171zte mag\u00e1t\u00f3l &#8211; ne besz\u00e9lj\u00fcnk r\u00f3la minden kellemetlens\u00e9get az \u00e9letb\u0151l. Darabr\u00f3l s a lapr\u00f3l besz\u00e9lt tov\u00e1bb, mintha mi sem t\u00f6rt\u00e9nt volna.<\/p>\n","protected":false},"excerpt":{"rendered":"<p>Tegnapel\u0151tt, cs\u00fct\u00f6rt\u00f6k\u00f6n, meg\u00e9rkezve New Yorkba telefon\u00e1lok Moln\u00e1rnak, hogy egy\u00fctt vacsor\u00e1zzunk. L\u00e1szl\u00f3 doktor a telefonn\u00e1l, hogy valami borzaszt\u00f3 t\u00f6rt\u00e9nt. Wanda m\u00falt \u00e9jjel meghalt&nbsp; D\u00e9lben fedezt\u00e9k fel, [&hellip;]<\/p>\n","protected":false},"author":1,"featured_media":0,"comment_status":"open","ping_status":"open","sticky":false,"template":"","format":"standard","meta":{"novablocks_hero_scroll_indicator":false,"novablocks_hero_position_indicators":false},"categories":[1],"tags":[],"_links":{"self":[{"href":"https:\/\/rajongo.lmvk.hu\/index.php?rest_route=\/wp\/v2\/posts\/3818"}],"collection":[{"href":"https:\/\/rajongo.lmvk.hu\/index.php?rest_route=\/wp\/v2\/posts"}],"about":[{"href":"https:\/\/rajongo.lmvk.hu\/index.php?rest_route=\/wp\/v2\/types\/post"}],"author":[{"embeddable":true,"href":"https:\/\/rajongo.lmvk.hu\/index.php?rest_route=\/wp\/v2\/users\/1"}],"replies":[{"embeddable":true,"href":"https:\/\/rajongo.lmvk.hu\/index.php?rest_route=%2Fwp%2Fv2%2Fcomments&post=3818"}],"version-history":[{"count":1,"href":"https:\/\/rajongo.lmvk.hu\/index.php?rest_route=\/wp\/v2\/posts\/3818\/revisions"}],"predecessor-version":[{"id":3819,"href":"https:\/\/rajongo.lmvk.hu\/index.php?rest_route=\/wp\/v2\/posts\/3818\/revisions\/3819"}],"wp:attachment":[{"href":"https:\/\/rajongo.lmvk.hu\/index.php?rest_route=%2Fwp%2Fv2%2Fmedia&parent=3818"}],"wp:term":[{"taxonomy":"category","embeddable":true,"href":"https:\/\/rajongo.lmvk.hu\/index.php?rest_route=%2Fwp%2Fv2%2Fcategories&post=3818"},{"taxonomy":"post_tag","embeddable":true,"href":"https:\/\/rajongo.lmvk.hu\/index.php?rest_route=%2Fwp%2Fv2%2Ftags&post=3818"}],"curies":[{"name":"wp","href":"https:\/\/api.w.org\/{rel}","templated":true}]}}