{"id":3816,"date":"1947-09-09T12:49:00","date_gmt":"1947-09-09T12:49:00","guid":{"rendered":"https:\/\/rajongo.lmvk.hu\/?p=3816"},"modified":"2020-05-24T12:50:14","modified_gmt":"2020-05-24T12:50:14","slug":"1947-szeptember-9","status":"publish","type":"post","link":"https:\/\/rajongo.lmvk.hu\/?p=3816","title":{"rendered":"1947. Szeptember 9."},"content":{"rendered":"\n<p>Milyen sablonszer\u0171\u00e9n \u00edrj\u00e1k figur\u00e1ikat a reg\u00e9ny- s darab\u00edr\u00f3k. P\u00e9ld\u00e1ul a rossz ember k\u00fcls\u0151 kifejez\u00e9s\u00e9ben is mutatja a gonoszs\u00e1got. Rideg. Agressz\u00edv. Pedig a leg\u00e9rdekesebb figura a szentiment\u00e1lis gonosz (Moln\u00e1r), aki most eg\u00e9sz nap s\u00edr Wanda ut\u00e1n, de sajn\u00e1lta t\u0151le az \u00e9telt, s nem vett neki semmit, m\u00e9g akkor sem, amikor \u00e9v-\u00e9v ut\u00e1n hatalmasakat keresett. S aki most s\u00edrva eml\u00edti, hogy Darvas v\u00e9grendeletet csin\u00e1lt a Wanda jav\u00e1ra, s Mayer-n\u00e9 a l\u00e1ny\u00e1nak fogadta \u2014 \u0151 viszont eg\u00e9sz \u00e9let\u00e9ben bizonytalans\u00e1gban tartotta, s ezzel tette rabszolg\u00e1j\u00e1v\u00e1. \u00c1ltal\u00e1ban, ha Moln\u00e1rr\u00f3l (kinek \u00edr\u00e1sai k\u00f6z\u00fcl, szerintem, csak a Z\u00f6ld husz\u00e1r remekm\u0171) \u00e9letrajzot \u00edrn\u00e1nak, akkor milyen komplik\u00e1lt pszichol\u00f3giai \u00e9s \u00e9rzelmi h\u00e1tteret festen\u00e9nek a Darvas-Wanda aff\u00e9rb\u00f3l &#8211; l\u00e1nyair\u00f3l s unok\u00e1ir\u00f3l &#8211; pedig a t\u00e9ny milyen egyszer\u0171. P\u00e9nzf\u00e9lt\u00e9s els\u0151sorban, kiegyez\u00e9s egy kisebb j\u00e1rad\u00e9kban Lilivel, mintha elv\u00e1lt volna, s ezen bel\u00fcl egy \u00fczletbar\u00e1ts\u00e1gban maradni vele. Tal\u00e1n a Swift szerelmi esetei is egyszer\u0171bbek, mint ahogy az \u00e9letrajz\u00edr\u00f3k csin\u00e1lj\u00e1k, belekomplik\u00e1lva saj\u00e1t \u00e9rzelmi \u00e9let\u00fcket, mint p\u00e9ld\u00e1ul Stefan Zweig a Mari\u00e9 Antoinette-be.<\/p>\n","protected":false},"excerpt":{"rendered":"<p>Milyen sablonszer\u0171\u00e9n \u00edrj\u00e1k figur\u00e1ikat a reg\u00e9ny- s darab\u00edr\u00f3k. P\u00e9ld\u00e1ul a rossz ember k\u00fcls\u0151 kifejez\u00e9s\u00e9ben is mutatja a gonoszs\u00e1got. Rideg. Agressz\u00edv. Pedig a leg\u00e9rdekesebb figura a [&hellip;]<\/p>\n","protected":false},"author":1,"featured_media":0,"comment_status":"open","ping_status":"open","sticky":false,"template":"","format":"standard","meta":{"novablocks_hero_scroll_indicator":false,"novablocks_hero_position_indicators":false},"categories":[1],"tags":[],"_links":{"self":[{"href":"https:\/\/rajongo.lmvk.hu\/index.php?rest_route=\/wp\/v2\/posts\/3816"}],"collection":[{"href":"https:\/\/rajongo.lmvk.hu\/index.php?rest_route=\/wp\/v2\/posts"}],"about":[{"href":"https:\/\/rajongo.lmvk.hu\/index.php?rest_route=\/wp\/v2\/types\/post"}],"author":[{"embeddable":true,"href":"https:\/\/rajongo.lmvk.hu\/index.php?rest_route=\/wp\/v2\/users\/1"}],"replies":[{"embeddable":true,"href":"https:\/\/rajongo.lmvk.hu\/index.php?rest_route=%2Fwp%2Fv2%2Fcomments&post=3816"}],"version-history":[{"count":1,"href":"https:\/\/rajongo.lmvk.hu\/index.php?rest_route=\/wp\/v2\/posts\/3816\/revisions"}],"predecessor-version":[{"id":3817,"href":"https:\/\/rajongo.lmvk.hu\/index.php?rest_route=\/wp\/v2\/posts\/3816\/revisions\/3817"}],"wp:attachment":[{"href":"https:\/\/rajongo.lmvk.hu\/index.php?rest_route=%2Fwp%2Fv2%2Fmedia&parent=3816"}],"wp:term":[{"taxonomy":"category","embeddable":true,"href":"https:\/\/rajongo.lmvk.hu\/index.php?rest_route=%2Fwp%2Fv2%2Fcategories&post=3816"},{"taxonomy":"post_tag","embeddable":true,"href":"https:\/\/rajongo.lmvk.hu\/index.php?rest_route=%2Fwp%2Fv2%2Ftags&post=3816"}],"curies":[{"name":"wp","href":"https:\/\/api.w.org\/{rel}","templated":true}]}}