{"id":3804,"date":"1948-01-01T12:42:00","date_gmt":"1948-01-01T12:42:00","guid":{"rendered":"https:\/\/rajongo.lmvk.hu\/?p=3804"},"modified":"2020-05-24T12:43:00","modified_gmt":"2020-05-24T12:43:00","slug":"1948-januar-1","status":"publish","type":"post","link":"https:\/\/rajongo.lmvk.hu\/?p=3804","title":{"rendered":"1948. janu\u00e1r 1."},"content":{"rendered":"\n<p>Az \u00e9v m\u00e9rleg\u00e9t tal\u00e1n legjobban a saj\u00e1t tal\u00e1lm\u00e1ny\u00fa id\u0151m\u00e9r\u00e9ssel tudn\u00e1m kifejezni. Mennyit \u00e9r egy \u00e9v? Hatvannyolc \u00e9ves lettem. Ebben a korban nagyon magas \u00e9rt\u00e9ke van egy \u00e9vnek. Ha j\u00f3l t\u00f6lt\u00f6ttem el: ennyit nyerek, ha rosszul, ennyit vesztek. Mivel New Yorkban voltam, s napjaim tele voltak &#8211; sz\u00f3val \u00e9ltem az \u00e9letemet, teh\u00e1t dac\u00e1ra a gondoknak \u00e9s a sikertelens\u00e9gnek, s dac\u00e1ra, hogy a val\u00f3s\u00e1gban egy centet sem kerestem (ami m\u00e9g nem fordult el\u0151 p\u00e1ly\u00e1mon!) &#8211; a magas \u00e9vd\u00edjat m\u00e9gis megnyertem.<\/p>\n\n\n\n<p>&nbsp;Csak a j\u00f3l t\u00f6lt\u00f6tt id\u0151 sz\u00e1m\u00edt. Pedig fantasztikus gondjaim voltak, mint e napl\u00f3 lapjai is bizony\u00edtj\u00e1k. De m\u00e9g azokon is t\u00fal lehet menni, s friss rem\u00e9nys\u00e9gekkel mindig \u00fajra kezdeni. Most v\u00e9gre lehet. Most megint \u00faj munk\u00e1ban vagyok, mely sikert jelenthet. De a r\u00e9git sem fogom \u00fagy elhanyagolni, mint eddig tettem&#8230;<\/p>\n\n\n\n<p>&nbsp;Sz\u00e9p volt New York, ahol sokkal otthonosabban \u00e9reztem magam, mint a vil\u00e1g b\u00e1rmely v\u00e1ros\u00e1ban. Ez igaz\u00e1n \u201eone world\u201d*: 57 nemzets\u00e9g \u00e9l itt egymag\u00e1ban.<\/p>\n\n\n\n<p>&nbsp;Most j\u00f3 idehaza a kis h\u00e1zban, meleg csendes h\u00e9t. Nagyon gyorsan \u2014 t\u00edz nap alatt \u2014 meg\u00edrtam az els\u0151 felvon\u00e1st, de a folytat\u00e1s d\u00f6c\u00f6g. Tal\u00e1n megindul megint, mert ezt be kell fej ezni.<\/p>\n\n\n\n<p>&nbsp;Persze b\u00f6lcsebb lettem sok mindenben \u2014 de nem mindig tudom haszn\u00e1t venni. Az indulat m\u00e9g mindig t\u00fal gyakran elragad. R\u00e9gi haz\u00e1mt\u00f3l egyre t\u00e1volabb megyek, s az \u00fajjal egyre jobban \u00e9rzem magam. Ez a f\u00e9lig anarchikus, individu\u00e1lis \u00e9let sok j\u00f3 szabads\u00e1g\u00e1val felel meg legjobban az emberi term\u00e9szetnek.<\/p>\n","protected":false},"excerpt":{"rendered":"<p>Az \u00e9v m\u00e9rleg\u00e9t tal\u00e1n legjobban a saj\u00e1t tal\u00e1lm\u00e1ny\u00fa id\u0151m\u00e9r\u00e9ssel tudn\u00e1m kifejezni. Mennyit \u00e9r egy \u00e9v? Hatvannyolc \u00e9ves lettem. Ebben a korban nagyon magas \u00e9rt\u00e9ke van [&hellip;]<\/p>\n","protected":false},"author":1,"featured_media":0,"comment_status":"open","ping_status":"open","sticky":false,"template":"","format":"standard","meta":{"novablocks_hero_scroll_indicator":false,"novablocks_hero_position_indicators":false},"categories":[1],"tags":[],"_links":{"self":[{"href":"https:\/\/rajongo.lmvk.hu\/index.php?rest_route=\/wp\/v2\/posts\/3804"}],"collection":[{"href":"https:\/\/rajongo.lmvk.hu\/index.php?rest_route=\/wp\/v2\/posts"}],"about":[{"href":"https:\/\/rajongo.lmvk.hu\/index.php?rest_route=\/wp\/v2\/types\/post"}],"author":[{"embeddable":true,"href":"https:\/\/rajongo.lmvk.hu\/index.php?rest_route=\/wp\/v2\/users\/1"}],"replies":[{"embeddable":true,"href":"https:\/\/rajongo.lmvk.hu\/index.php?rest_route=%2Fwp%2Fv2%2Fcomments&post=3804"}],"version-history":[{"count":1,"href":"https:\/\/rajongo.lmvk.hu\/index.php?rest_route=\/wp\/v2\/posts\/3804\/revisions"}],"predecessor-version":[{"id":3805,"href":"https:\/\/rajongo.lmvk.hu\/index.php?rest_route=\/wp\/v2\/posts\/3804\/revisions\/3805"}],"wp:attachment":[{"href":"https:\/\/rajongo.lmvk.hu\/index.php?rest_route=%2Fwp%2Fv2%2Fmedia&parent=3804"}],"wp:term":[{"taxonomy":"category","embeddable":true,"href":"https:\/\/rajongo.lmvk.hu\/index.php?rest_route=%2Fwp%2Fv2%2Fcategories&post=3804"},{"taxonomy":"post_tag","embeddable":true,"href":"https:\/\/rajongo.lmvk.hu\/index.php?rest_route=%2Fwp%2Fv2%2Ftags&post=3804"}],"curies":[{"name":"wp","href":"https:\/\/api.w.org\/{rel}","templated":true}]}}