{"id":3752,"date":"1945-08-06T12:19:00","date_gmt":"1945-08-06T12:19:00","guid":{"rendered":"https:\/\/rajongo.lmvk.hu\/?p=3752"},"modified":"2020-05-24T12:22:37","modified_gmt":"2020-05-24T12:22:37","slug":"1945-augusztus-6","status":"publish","type":"post","link":"https:\/\/rajongo.lmvk.hu\/?p=3752","title":{"rendered":"1945. Augusztus 6."},"content":{"rendered":"\n<p>Ha az ember belenevelt mor\u00e1lis \u00e9rz\u00e9s\u00e9vel akarn\u00e1 felfogni a dolgokat, egyszer\u0171en elviselhetetlen lenne. Meg kell v\u00e1ltoztatni a szeml\u00e9letet. A vil\u00e1gr\u00f3l, az emberi fajr\u00f3l, az eg\u00e9sz \u00e9letr\u0151l. Ez egy nyomorult fajta, mely ilyesmire k\u00e9pes, s bed\u0151l ilyen vezet\u0151knek. Ez egy kaotikus vil\u00e1g, melyben az eredend\u0151 rossz \u00f6szt\u00f6n\u00f6k d\u00fch\u00f6ngenek.<\/p>\n\n\n\n<p>A humanit\u00e1s megbukott, mert \u00fagyis csak r\u00e1er\u0151szakolt dolog volt, a v\u00e9res brutalit\u00e1s megint felsz\u00ednre j\u00f6tt. Most tal\u00e1n egy j\u00f3 id\u0151re el fogj\u00e1k nyomni, mert bel\u00e1tj\u00e1k, hogy a h\u00e1bor\u00fa nemcsak j\u00f3les\u0151 gyilkoss\u00e1g, de \u00f6ngyilkoss\u00e1g is, b\u00e1r a szenved\u00e9lyek, amelyek felid\u00e9zik, tov\u00e1bbra is ott lappanganak az emberis\u00e9gben, s valami m\u00e1s form\u00e1ban fognak ki\u00fctk\u00f6zni. Belterjes polg\u00e1rh\u00e1bor\u00faban, vagy kisebbs\u00e9gi elnyom\u00e1sban, vagy faji gy\u0171l\u00f6letben. \u201eAz emberis\u00e9g s\u00e1rk\u00e1nyfog vetem\u00e9ny &#8211; nincsen rem\u00e9ny!\u201d* J\u00e1rj apr\u00f3 \u00e9lvezeteid ut\u00e1n, s csud\u00e1lkozz felvillan\u00f3 sz\u00e9ps\u00e9geken, de ne legyenek t\u00f6bb\u00e9 ill\u00fazi\u00f3id, ami ezt az \u00e1tkozott fajt\u00e1t illeti, melybe sajnos te is beletartozol. Mert a te elnyomott, vad \u00f6szt\u00f6neid is r\u00e9szei-rokonai annak, ami t\u00f6rt\u00e9nt.<\/p>\n","protected":false},"excerpt":{"rendered":"<p>Ha az ember belenevelt mor\u00e1lis \u00e9rz\u00e9s\u00e9vel akarn\u00e1 felfogni a dolgokat, egyszer\u0171en elviselhetetlen lenne. Meg kell v\u00e1ltoztatni a szeml\u00e9letet. A vil\u00e1gr\u00f3l, az emberi fajr\u00f3l, az eg\u00e9sz [&hellip;]<\/p>\n","protected":false},"author":1,"featured_media":0,"comment_status":"open","ping_status":"open","sticky":false,"template":"","format":"standard","meta":{"novablocks_hero_scroll_indicator":false,"novablocks_hero_position_indicators":false},"categories":[1],"tags":[],"_links":{"self":[{"href":"https:\/\/rajongo.lmvk.hu\/index.php?rest_route=\/wp\/v2\/posts\/3752"}],"collection":[{"href":"https:\/\/rajongo.lmvk.hu\/index.php?rest_route=\/wp\/v2\/posts"}],"about":[{"href":"https:\/\/rajongo.lmvk.hu\/index.php?rest_route=\/wp\/v2\/types\/post"}],"author":[{"embeddable":true,"href":"https:\/\/rajongo.lmvk.hu\/index.php?rest_route=\/wp\/v2\/users\/1"}],"replies":[{"embeddable":true,"href":"https:\/\/rajongo.lmvk.hu\/index.php?rest_route=%2Fwp%2Fv2%2Fcomments&post=3752"}],"version-history":[{"count":1,"href":"https:\/\/rajongo.lmvk.hu\/index.php?rest_route=\/wp\/v2\/posts\/3752\/revisions"}],"predecessor-version":[{"id":3760,"href":"https:\/\/rajongo.lmvk.hu\/index.php?rest_route=\/wp\/v2\/posts\/3752\/revisions\/3760"}],"wp:attachment":[{"href":"https:\/\/rajongo.lmvk.hu\/index.php?rest_route=%2Fwp%2Fv2%2Fmedia&parent=3752"}],"wp:term":[{"taxonomy":"category","embeddable":true,"href":"https:\/\/rajongo.lmvk.hu\/index.php?rest_route=%2Fwp%2Fv2%2Fcategories&post=3752"},{"taxonomy":"post_tag","embeddable":true,"href":"https:\/\/rajongo.lmvk.hu\/index.php?rest_route=%2Fwp%2Fv2%2Ftags&post=3752"}],"curies":[{"name":"wp","href":"https:\/\/api.w.org\/{rel}","templated":true}]}}