{"id":3716,"date":"1949-01-01T11:59:00","date_gmt":"1949-01-01T11:59:00","guid":{"rendered":"https:\/\/rajongo.lmvk.hu\/?p=3716"},"modified":"2020-05-24T11:59:47","modified_gmt":"2020-05-24T11:59:47","slug":"1949-januar-1","status":"publish","type":"post","link":"https:\/\/rajongo.lmvk.hu\/?p=3716","title":{"rendered":"1949. janu\u00e1r 1."},"content":{"rendered":"\n<p>A m\u00falt \u00e9v m\u00e9rlege. A bels\u0151 stabilit\u00e1s teljes hianya. Csak kora fiatals\u00e1gomban, els\u0151 darabom el\u0151tt, amikor elj\u00f6ttem \u201ebiztos biztos\u00edt\u00e1si \u00e1ll\u00e1somb\u00f3l, \u00e9reztem ezt a lebeg\u0151 bizonytalans\u00e1got, ami id\u0151nk\u00e9nt v\u00e9gk\u00e9pp szerencs\u00e9tlenn\u00e9 tesz&#8230;<\/p>\n\n\n\n<p>A baj, hogy nem vagyok kommersz \u00edr\u00f3, m\u00e1sr\u00e9szt nem vagyok csak magas c\u00e9l fel\u00e9 t\u00f6r\u0151. A kett\u0151 k\u00f6z\u00f6tt h\u00e1ny\u00f3dom-vet\u0151d\u00f6m -ezen a bizonytalan p\u00e1ly\u00e1n, mely a v\u00e9g\u00e9n, ebben az evben, majdnem nyomorral v\u00e9gz\u0151d\u00f6tt. Magas koromhoz k\u00e9pest eleget dolgoztam. Energi\u00e1m, szellemem friss, de terroriz\u00e1lva vagyok \u00e9veim sz\u00e1m\u00e1t\u00f3l. Egy pillanatra sem megy ki a fejemb\u0151l, hogy \u00f6reg lettem &#8211; \u00e9vek szerint. Nyugtalann\u00e1, f\u00e9l\u0151v\u00e9, rettegove tesz; hol, merre van az a b\u00f6lcs \u00f6regs\u00e9g, amir\u0151l annyit \u00edrnak es fecsegnek? Tal\u00e1n ha lenne anyagi b\u00e1zisom, akkor r\u00e1\u00e9rnek b\u00f6lcsen meg\u00f6regedni, de \u00edgy, a gondjaim tartj\u00e1k bennem az \u00e9leter\u0151t, s a kellemetlen k\u00f6r\u00fclm\u00e9nyek adj\u00e1k a szenz\u00e1ci\u00f3t.<\/p>\n\n\n\n<p>Az \u00e9v els\u0151 fel\u00e9ben Hollywoodban nagyon boldogtalan voltam. \u00dcresen teltek a sz\u00e9p napf\u00e9nyes napok, fogytak a hetek, h\u00f3napok, valami sz\u00edvtelen egyed\u00fcll\u00e9tben. Rettenetesen v\u00e1gytam R\u00f3ma ut\u00e1n, ahov\u00e1 Ancsi h\u00edvott. \u00c9s a v\u00e1gy v\u00e9gre teljes\u00fclt, b\u00e1r nagyon kisz\u00e1m\u00edtott p\u00e9nz\u00fcgyi alapon. F\u00e9ltem az utaz\u00e1st\u00f3l, elvesztettem ifj\u00fai biztons\u00e1gomat, s fel voltam d\u00falva \u2013 t\u00e9nyleg nagy idegkr\u00edzisben voltam. De amikor meg\u00e9rkeztem a s\u00f6t\u00e9t h\u00e1z el\u00e9 a Via Massim\u00f3m, s nem v\u00e1rt senki, s a k\u00e9ts\u00e9gbees\u00e9s negyed\u00f3r\u00e1ja ut\u00e1n, amikor Ancsi , aki elt\u00e9vesztett az \u00e1llom\u00e1son, befutott \u2013 akkor \u00e9s m\u00e1snap azt\u00e1n fel\u00e9bredve az isteni kertben, az olasz nap alatt, nyugalomban elhelyezkedve ezzel az aranyos kis gyerekkel \u2013 h\u00e1t ezek igaz\u00e1n \u00f6r\u00f6mteli napok voltak \u2013 remek, sz\u00e9p! S azut\u00e1n is j\u00f3 volt, a v\u00e1ros felfedez\u00e9se, az \u00f6r\u00f6k sz\u00e9ps\u00e9gek, a r\u00e9gi \u00e9let b\u00e1ja s felfriss\u00fcl\u00e9s, \u00e9s Lid\u00f3 meg\u00e9rkez\u00e9se \u2013 k\u00e9s\u0151bb azt\u00e1n az id\u0151 hidegre v\u00e1l\u00e1s\u00e1val kezdett romlani a l\u00e9gk\u00f6r, s halk honv\u00e1gy t\u00e1madozott Amerika ut\u00e1n, amit most \u00e9rzek el\u0151sz\u00f6r igazi haz\u00e1mnak. Lemond\u00e1s Magyarorsz\u00e1gr\u00f3l. Sok \u00e1tfut\u00f3 gondolat n\u00e9mely reggel oly vil\u00e1gosan vezet \u00e1t \u00e9letemen \u00e9s sorsomon, hogy meg tudn\u00e1m kezdeni azt a r\u00e9gi tervet, feldolgozni v\u00e9gre napl\u00f3imat. K\u00f6zben \u00f6tletek, persze film\u00f6tletek, mert megint ut\u00e1na kell n\u00e9zni, mib\u0151l \u00e9l\u00fcnk \u2013 s nagy vil\u00e1gmegv\u00e1lt\u00f3 tervek \u2013 ha a World Citizenship*kidolgoz\u00e1s\u00e1ra adtam volna magam, amit k\u00e9t \u00e9vvel ezel\u0151tt oly intenz\u00edven s sz\u00e9pen kigondoltam \u2013 tal\u00e1n ez lett volna az \u00f6regs\u00e9g nagy tette. De ezt is abbahagytam, mint sok m\u00e1s tervet \u2013 adja a j\u00f3 Isten, hogy v\u00e9gre le\u00fcljek New Yorkban egy csendes szob\u00e1ban \u2013 n\u00e9h\u00e1ny \u00e9vre m\u00e9g biztos\u00edtva legyen az egzisztenci\u00e1m, s nyugodtan, igaz\u00e1n b\u00f6lcsen dolgozhassak, foltozgassam dolgaimat \u2013 de mit foltozgatni! \u00d3ri\u00e1si er\u0151fesz\u00edt\u00e9st kell tenni, vissza a sz\u00ednpadra, a sikerhez \u2013 ahhoz, ami kij\u00e1r nekem, amit meg\u00e9rdemlek mint \u00edr\u00f3, mint ember, afel\u00e9 kell tartani s t\u00f6rekedni, s nem lehet neh\u00e9z ebben a k\u00f6zepes vil\u00e1gban, amelyben oly kev\u00e9s a szellemi \u00e9rt\u00e9k, s ami van, azt a vil\u00e1g nagy r\u00e9sz\u00e9ben fogs\u00e1gba k\u00f6ti a politika.<\/p>\n","protected":false},"excerpt":{"rendered":"<p>A m\u00falt \u00e9v m\u00e9rlege. A bels\u0151 stabilit\u00e1s teljes hianya. Csak kora fiatals\u00e1gomban, els\u0151 darabom el\u0151tt, amikor elj\u00f6ttem \u201ebiztos biztos\u00edt\u00e1si \u00e1ll\u00e1somb\u00f3l, \u00e9reztem ezt a lebeg\u0151 bizonytalans\u00e1got, [&hellip;]<\/p>\n","protected":false},"author":1,"featured_media":0,"comment_status":"open","ping_status":"open","sticky":false,"template":"","format":"standard","meta":{"novablocks_hero_scroll_indicator":false,"novablocks_hero_position_indicators":false},"categories":[1],"tags":[],"_links":{"self":[{"href":"https:\/\/rajongo.lmvk.hu\/index.php?rest_route=\/wp\/v2\/posts\/3716"}],"collection":[{"href":"https:\/\/rajongo.lmvk.hu\/index.php?rest_route=\/wp\/v2\/posts"}],"about":[{"href":"https:\/\/rajongo.lmvk.hu\/index.php?rest_route=\/wp\/v2\/types\/post"}],"author":[{"embeddable":true,"href":"https:\/\/rajongo.lmvk.hu\/index.php?rest_route=\/wp\/v2\/users\/1"}],"replies":[{"embeddable":true,"href":"https:\/\/rajongo.lmvk.hu\/index.php?rest_route=%2Fwp%2Fv2%2Fcomments&post=3716"}],"version-history":[{"count":1,"href":"https:\/\/rajongo.lmvk.hu\/index.php?rest_route=\/wp\/v2\/posts\/3716\/revisions"}],"predecessor-version":[{"id":3717,"href":"https:\/\/rajongo.lmvk.hu\/index.php?rest_route=\/wp\/v2\/posts\/3716\/revisions\/3717"}],"wp:attachment":[{"href":"https:\/\/rajongo.lmvk.hu\/index.php?rest_route=%2Fwp%2Fv2%2Fmedia&parent=3716"}],"wp:term":[{"taxonomy":"category","embeddable":true,"href":"https:\/\/rajongo.lmvk.hu\/index.php?rest_route=%2Fwp%2Fv2%2Fcategories&post=3716"},{"taxonomy":"post_tag","embeddable":true,"href":"https:\/\/rajongo.lmvk.hu\/index.php?rest_route=%2Fwp%2Fv2%2Ftags&post=3716"}],"curies":[{"name":"wp","href":"https:\/\/api.w.org\/{rel}","templated":true}]}}