{"id":3690,"date":"1945-06-10T16:34:00","date_gmt":"1945-06-10T16:34:00","guid":{"rendered":"https:\/\/rajongo.lmvk.hu\/?p=3690"},"modified":"2020-05-24T11:35:25","modified_gmt":"2020-05-24T11:35:25","slug":"1945-junius-10","status":"publish","type":"post","link":"https:\/\/rajongo.lmvk.hu\/?p=3690","title":{"rendered":"1945. J\u00fanius 10."},"content":{"rendered":"\n<p>Tegnap kaptam a h\u00edrt, hogy dr\u00e1ga any\u00e1m meghalt, ez \u00e9v janu\u00e1rj\u00e1ban. \u0150 volt a legjobb teremt\u00e9s, soha, egy hossz\u00fa \u00e9leten \u00e1t egy rossz szava nem j\u00f6tt vissza a m\u00faltb\u00f3l \u2014 egyetlen szemreh\u00e1ny\u00e1s, vagy hogy akart volna valamit, csak szeretet \u00e9s j\u00f3s\u00e1g, j\u00f3s\u00e1g \u00e9s meg\u00e9rt\u00e9s. \u00c9s milyen az \u00e9let, milyen fel\u00fcletes semmis\u00e9gek, alaptalan ismerets\u00e9gek, laza k\u00f6tel\u00e9kek lesznek fontosak, s ami a legjobb, leg\u0151sibb, legval\u00f3dibb, arra az ember alig vet \u00fcgyet, mint ahogy az eg\u00e9szs\u00e9gre vagy a leveg\u0151re sem. Nem voltam eleget egy\u00fctt szeg\u00e9nyk\u00e9mmel, az az \u00e9rz\u00e9sem. Akkor sem, mikor Pesten \u00e9ltem, s mikor k\u00e9s\u0151bb hazal\u00e1togattam, \u00e9ppen csak megl\u00e1togattam, pedig le kellett volna \u00fclni mell\u00e9, s legal\u00e1bb kibesz\u00e9lni magunkat. M\u00e9g most is l\u00e1tom utolj\u00e1ra, mikor Pesten voltam, 1938-ban, az utols\u00f3 pillanatot, amikor elv\u00e1ltam t\u0151le, a taxi hom\u00e1lyos ablak\u00e1n kereszt\u00fcl, amint ott \u00e1llt; b\u00facs\u00faztunk k\u00f6nnyes szemekkel, mert utols\u00f3 \u00e9veiben \u00e9rz\u00e9keny lett. Dr\u00e1ga any\u00e1m! Igazi pion\u00edrasszony volt, a csal\u00e1d oszlopa. Irni-olvasni alig tudott, de er\u0151sen tartotta a csal\u00e1dban a lelket, s a nagy szeg\u00e9nys\u00e9gben mindig tudott seg\u00edteni, s hat gyereket felnevelt. Sohasem ismertem ilyen der\u00e9k embert, aki ily biztos\u00e1n \u00e1llt a l\u00e1b\u00e1n, s \u00edgy tele volt meleg szeretettel s m\u00e1sokra val\u00f3 gondol\u00e1ssal \u2014 Isten \u00e1ldja meg az eml\u00e9k\u00e9t is. Azokon a kietlen puszt\u00e1kon, falvakban, f\u00f6ldes, kemenc\u00e9s szob\u00e1kban, hogy tartott, nevelt, kert\u00e9szkedett, apr\u00f3l\u00e9kot nevelt s vitt v\u00e1s\u00e1rra, hogy minket a v\u00e1rosba k\u00fcldhes-sen iskol\u00e1ba &#8211; \u00e9s sohasem b\u00e9k\u00e9tlenkedett \u2014 f\u0151z\u00f6tt, mosott, dolgozott egy \u00e9leten kereszt\u00fcl, j\u00f3zanon, j\u00f3kedvvel, ritka b\u00f6lcsess\u00e9ggel, meg\u00e9rt\u00e9ssel. \u00c9n is j\u00f3 fia voltam, gondoskodtam r\u00f3la, de \u0151 sokkal, sokkal t\u00f6bbet adott nekem &#8211; s az is sz\u00e9p volt benne, hogy nem tett kiv\u00e9telt, s a kev\u00e9sb\u00e9 siker\u00fcltet is \u00e9pp\u00fagy szerette, mentegette. \u00c9s azok az id\u0151k! Ha ott lehettem volna mellette, hogy legal\u00e1bb sz\u00e9p tisztess\u00e9gesen eltemessem, mert ez is hi\u00e1nyzik, a rendes temet\u00e9s, ami hozz\u00e1 tartozik az \u00e9let rendj\u00e9hez &#8211; ki tudja, mi t\u00f6rt\u00e9nt szeg\u00e9nyk\u00e9mmel azon a r\u00e9mes janu\u00e1ri napon, Budapest ostroma k\u00f6zepette, s hogy merre tett\u00e9k f\u00f6ldbe. \u00edgy szakadunk el mi is az \u00e9lett\u0151l, ha megsz\u0171ntek, akik a vil\u00e1gra hoztak. Nagyon, nagyon szomor\u00fa vagyok &#8211; kicsit meg\u00e9rt\u0151bb \u00e9s jobb is, mert mindig ilyenkor eszm\u00e9l r\u00e1 az ember, ne fecs\u00e9relje indulatait haszontalan dolgokra \u2014 hanem arra koncentr\u00e1lja, ami \u00e9rzelmileg fontos. M\u00e1r hetekkel ezel\u0151tt n\u00e9zegettem meghat\u00f3 arck\u00e9p\u00e9t, s b\u00facs\u00fazgattam t\u0151le, \u00e9rezv\u00e9n, hogy nem l\u00e1tom t\u00f6bb\u00e9 -m\u00e9gis, a bizonyoss\u00e1g rettenetesen szomor\u00fa. Most m\u00e1r m\u00e9g kevesebb \u00e9rtelme lesz visszamenni Pestre, ha csak l\u00e1togat\u00f3ba is.<\/p>\n","protected":false},"excerpt":{"rendered":"<p>Tegnap kaptam a h\u00edrt, hogy dr\u00e1ga any\u00e1m meghalt, ez \u00e9v janu\u00e1rj\u00e1ban. \u0150 volt a legjobb teremt\u00e9s, soha, egy hossz\u00fa \u00e9leten \u00e1t egy rossz szava nem [&hellip;]<\/p>\n","protected":false},"author":1,"featured_media":0,"comment_status":"open","ping_status":"open","sticky":false,"template":"","format":"standard","meta":{"novablocks_hero_scroll_indicator":false,"novablocks_hero_position_indicators":false},"categories":[1],"tags":[],"_links":{"self":[{"href":"https:\/\/rajongo.lmvk.hu\/index.php?rest_route=\/wp\/v2\/posts\/3690"}],"collection":[{"href":"https:\/\/rajongo.lmvk.hu\/index.php?rest_route=\/wp\/v2\/posts"}],"about":[{"href":"https:\/\/rajongo.lmvk.hu\/index.php?rest_route=\/wp\/v2\/types\/post"}],"author":[{"embeddable":true,"href":"https:\/\/rajongo.lmvk.hu\/index.php?rest_route=\/wp\/v2\/users\/1"}],"replies":[{"embeddable":true,"href":"https:\/\/rajongo.lmvk.hu\/index.php?rest_route=%2Fwp%2Fv2%2Fcomments&post=3690"}],"version-history":[{"count":1,"href":"https:\/\/rajongo.lmvk.hu\/index.php?rest_route=\/wp\/v2\/posts\/3690\/revisions"}],"predecessor-version":[{"id":3695,"href":"https:\/\/rajongo.lmvk.hu\/index.php?rest_route=\/wp\/v2\/posts\/3690\/revisions\/3695"}],"wp:attachment":[{"href":"https:\/\/rajongo.lmvk.hu\/index.php?rest_route=%2Fwp%2Fv2%2Fmedia&parent=3690"}],"wp:term":[{"taxonomy":"category","embeddable":true,"href":"https:\/\/rajongo.lmvk.hu\/index.php?rest_route=%2Fwp%2Fv2%2Fcategories&post=3690"},{"taxonomy":"post_tag","embeddable":true,"href":"https:\/\/rajongo.lmvk.hu\/index.php?rest_route=%2Fwp%2Fv2%2Ftags&post=3690"}],"curies":[{"name":"wp","href":"https:\/\/api.w.org\/{rel}","templated":true}]}}