{"id":3609,"date":"1945-03-14T18:01:00","date_gmt":"1945-03-14T18:01:00","guid":{"rendered":"https:\/\/rajongo.lmvk.hu\/?p=3609"},"modified":"2020-05-24T10:03:52","modified_gmt":"2020-05-24T10:03:52","slug":"1945-marcius-14","status":"publish","type":"post","link":"https:\/\/rajongo.lmvk.hu\/?p=3609","title":{"rendered":"1945. M\u00e1rcius 14."},"content":{"rendered":"\n<p>Ma reggel a k\u00f6vetkez\u0151t gondoltam, s reggeliz\u00e9s k\u00f6zben fel is v\u00e1zoltam pap\u00edrra: az a tragikus, hogy minden emberi agy kifejl\u0151d\u00f6tt od\u00e1ig, hogy r\u00e1eszm\u00e9l l\u00e9t\u00e9re, de nem fejl\u0151d\u00f6tt od\u00e1ig, hogy meg tudn\u00e1 \u00e9rteni annak \u00e9rtelm\u00e9t s miszt\u00e9rium\u00e1t, s ennek folyt\u00e1n egy metafizikai z\u0171rzavarban t\u00e1molyog sz\u00fclet\u00e9s\u00e9t\u0151l \u00fagysz\u00f3lv\u00e1n hal\u00e1l\u00e1ig. Nem tudv\u00e1n tal\u00e1lni m\u00e1s kiutat &#8211; hitet \u00e9p\u00edt mag\u00e1nak, amelyben alapj\u00e1ban v\u00e9ve nem hisz &#8211; vagy ide\u00e1lis c\u00e9lokat t\u0171z ki, melyek\u00e9rt azonban nem szeret \u00e1ldozatokat hozni &#8211; de sehogy sem tudja megtal\u00e1lni a term\u00e9szetes \u00e1tmenetet az \u00e9letb\u0151l a hal\u00e1lba (nem fizikailag, hanem \u00e9rtelmileg). Ha tudna tal\u00e1lni egy ilyen \u00e1tmenetet, egy megold\u00e1st, egy meggy\u0151z\u0151 magyar\u00e1zatot, amely megnyugtatn\u00e1, boldog \u00e9lete lehetne a F\u00f6ld\u00f6n.<\/p>\n\n\n\n<p>Sokszor azt hiszem, az eg\u00e9sz emberi civiliz\u00e1ci\u00f3 \u2014 az \u00f6rd\u00f6gi tal\u00e1l\u00e9konys\u00e1g, a technika csod\u00e1i, a r\u00e1di\u00f3, a villamoss\u00e1g felfedez\u00e9se &#8211; mind mell\u00e9besz\u00e9l\u00e9s. Mell\u00e9besz\u00e9lnek g\u00e9pekkel, vasutakkal, l\u00e9ghaj\u00f3val, r\u00e1di\u00f3val &#8211; mindent megfejtenek, mert nem tudj\u00e1k megfejteni a f\u0151 dolgot: a l\u00e9tez\u00e9s miszt\u00e9rium\u00e1t.<\/p>\n","protected":false},"excerpt":{"rendered":"<p>Ma reggel a k\u00f6vetkez\u0151t gondoltam, s reggeliz\u00e9s k\u00f6zben fel is v\u00e1zoltam pap\u00edrra: az a tragikus, hogy minden emberi agy kifejl\u0151d\u00f6tt od\u00e1ig, hogy r\u00e1eszm\u00e9l l\u00e9t\u00e9re, de [&hellip;]<\/p>\n","protected":false},"author":1,"featured_media":0,"comment_status":"open","ping_status":"open","sticky":false,"template":"","format":"standard","meta":{"novablocks_hero_scroll_indicator":false,"novablocks_hero_position_indicators":false},"categories":[1],"tags":[],"_links":{"self":[{"href":"https:\/\/rajongo.lmvk.hu\/index.php?rest_route=\/wp\/v2\/posts\/3609"}],"collection":[{"href":"https:\/\/rajongo.lmvk.hu\/index.php?rest_route=\/wp\/v2\/posts"}],"about":[{"href":"https:\/\/rajongo.lmvk.hu\/index.php?rest_route=\/wp\/v2\/types\/post"}],"author":[{"embeddable":true,"href":"https:\/\/rajongo.lmvk.hu\/index.php?rest_route=\/wp\/v2\/users\/1"}],"replies":[{"embeddable":true,"href":"https:\/\/rajongo.lmvk.hu\/index.php?rest_route=%2Fwp%2Fv2%2Fcomments&post=3609"}],"version-history":[{"count":1,"href":"https:\/\/rajongo.lmvk.hu\/index.php?rest_route=\/wp\/v2\/posts\/3609\/revisions"}],"predecessor-version":[{"id":3610,"href":"https:\/\/rajongo.lmvk.hu\/index.php?rest_route=\/wp\/v2\/posts\/3609\/revisions\/3610"}],"wp:attachment":[{"href":"https:\/\/rajongo.lmvk.hu\/index.php?rest_route=%2Fwp%2Fv2%2Fmedia&parent=3609"}],"wp:term":[{"taxonomy":"category","embeddable":true,"href":"https:\/\/rajongo.lmvk.hu\/index.php?rest_route=%2Fwp%2Fv2%2Fcategories&post=3609"},{"taxonomy":"post_tag","embeddable":true,"href":"https:\/\/rajongo.lmvk.hu\/index.php?rest_route=%2Fwp%2Fv2%2Ftags&post=3609"}],"curies":[{"name":"wp","href":"https:\/\/api.w.org\/{rel}","templated":true}]}}