{"id":3521,"date":"1942-01-02T19:56:00","date_gmt":"1942-01-02T19:56:00","guid":{"rendered":"https:\/\/rajongo.lmvk.hu\/?p=3521"},"modified":"2020-05-23T19:57:16","modified_gmt":"2020-05-23T19:57:16","slug":"1942-januar-2","status":"publish","type":"post","link":"https:\/\/rajongo.lmvk.hu\/?p=3521","title":{"rendered":"1942. janu\u00e1r 2."},"content":{"rendered":"\n<p>Kis besz\u00e1mol\u00f3 az elm\u00falt \u00e9vr\u0151l. \u00c1ltal\u00e1ban: nem volt rossz -n\u00e9h\u00e1ny s\u00falyosabb hangulatzavart lesz\u00e1m\u00edtva&#8230; N\u00e9h\u00e1ny \u00f3ri\u00e1si felelem t\u00e1mad fel bennem, mint viharfelh\u0151 a l\u00e1that\u00e1ron &#8211; hogy tudok \u00e9lni mint \u00edr\u00f3, egy idegen vil\u00e1gban, ahol a nyelv nem eszk\u00f6z\u00f6m &#8211; egy ilyen bizonytalan, kisz\u00e1m\u00edthatatlan, nem is annyira a tehets\u00e9gt\u0151l, mint a szerencs\u00e9t\u0151l f\u00fcgg\u0151 elk\u00e9pzelt foglalkoz\u00e1somban&#8230;<\/p>\n\n\n\n<p>\u00c9hs\u00e9g a sz\u00edvben &#8211; a ki nem \u00e9lt \u00e9let szomor\u00fas\u00e1ga ebben a sz\u00e1raz atmoszf\u00e9r\u00e1ban &#8211; \u00e1lmok k\u00eds\u00e9rtenek, mint r\u00e9gen, holott tudom: az id\u0151 hat\u00e1rolt nagyon, s az \u00f6reged\u00e9s maszkja az arcomon &#8211; de ez nincs egyeztetve a bels\u0151 \u00e9lettel &#8211; sajnos az ember lelkileg \u00f6r\u00f6kk\u00e9 gyerek \u00e9s fiatal marad, s az \u00e1lmok a r\u00e9giek&#8230;<\/p>\n\n\n\n<p>Nagyon sz\u00e9p volt a ny\u00e1ri n\u00e9h\u00e1ny h\u00e9t a Yosemite Parkban -a term\u00e9szeten kereszt\u00fcl lehet az \u00faj haz\u00e1t a legjobban megszeretni, s a term\u00e9szet itt gy\u00f6ny\u00f6r\u0171 &#8211; m\u00e9g Hollywoodban is, ha az ember el tudja vonatkoztatni mag\u00e1t a napi \u00e9let kietlens\u00e9g\u00e9t\u0151l m\u0171v\u00e9szi, t\u00e1rsadalmi vonatkoz\u00e1sban.<\/p>\n\n\n\n<p>\u00c9s kit\u00f6rt itt is a h\u00e1bor\u00fa, ami el\u0151l, \u00fagy l\u00e1tszik, nem lehet t\u00f6bb\u00e9 menek\u00fclni! Az els\u0151 napok nagy depresszi\u00f3ja ut\u00e1n &#8211; f\u0151k\u00e9pp Tomi miatt agg\u00f3dtam, aki azonban, \u00fagy l\u00e1tszik, mentes\u00fcl &#8211; \u00e1ltal\u00e1ban sokkal nyugodtabban n\u00e9zem a dolgokat, mert ami az els\u0151 h\u00e1bor\u00faban hi\u00e1nyzott, most tiszt\u00e1bban l\u00e1tom a c\u00e9lt &#8211; az agresszi\u00f3 v\u00e9gleges leszerel\u00e9s\u00e9t.<\/p>\n","protected":false},"excerpt":{"rendered":"<p>Kis besz\u00e1mol\u00f3 az elm\u00falt \u00e9vr\u0151l. \u00c1ltal\u00e1ban: nem volt rossz -n\u00e9h\u00e1ny s\u00falyosabb hangulatzavart lesz\u00e1m\u00edtva&#8230; N\u00e9h\u00e1ny \u00f3ri\u00e1si felelem t\u00e1mad fel bennem, mint viharfelh\u0151 a l\u00e1that\u00e1ron &#8211; hogy [&hellip;]<\/p>\n","protected":false},"author":1,"featured_media":0,"comment_status":"open","ping_status":"open","sticky":false,"template":"","format":"standard","meta":{"novablocks_hero_scroll_indicator":false,"novablocks_hero_position_indicators":false},"categories":[1],"tags":[],"_links":{"self":[{"href":"https:\/\/rajongo.lmvk.hu\/index.php?rest_route=\/wp\/v2\/posts\/3521"}],"collection":[{"href":"https:\/\/rajongo.lmvk.hu\/index.php?rest_route=\/wp\/v2\/posts"}],"about":[{"href":"https:\/\/rajongo.lmvk.hu\/index.php?rest_route=\/wp\/v2\/types\/post"}],"author":[{"embeddable":true,"href":"https:\/\/rajongo.lmvk.hu\/index.php?rest_route=\/wp\/v2\/users\/1"}],"replies":[{"embeddable":true,"href":"https:\/\/rajongo.lmvk.hu\/index.php?rest_route=%2Fwp%2Fv2%2Fcomments&post=3521"}],"version-history":[{"count":1,"href":"https:\/\/rajongo.lmvk.hu\/index.php?rest_route=\/wp\/v2\/posts\/3521\/revisions"}],"predecessor-version":[{"id":3522,"href":"https:\/\/rajongo.lmvk.hu\/index.php?rest_route=\/wp\/v2\/posts\/3521\/revisions\/3522"}],"wp:attachment":[{"href":"https:\/\/rajongo.lmvk.hu\/index.php?rest_route=%2Fwp%2Fv2%2Fmedia&parent=3521"}],"wp:term":[{"taxonomy":"category","embeddable":true,"href":"https:\/\/rajongo.lmvk.hu\/index.php?rest_route=%2Fwp%2Fv2%2Fcategories&post=3521"},{"taxonomy":"post_tag","embeddable":true,"href":"https:\/\/rajongo.lmvk.hu\/index.php?rest_route=%2Fwp%2Fv2%2Ftags&post=3521"}],"curies":[{"name":"wp","href":"https:\/\/api.w.org\/{rel}","templated":true}]}}