{"id":3177,"date":"1939-01-11T12:51:04","date_gmt":"1939-01-11T12:51:04","guid":{"rendered":"https:\/\/rajongo.lmvk.hu\/?p=3177"},"modified":"2020-05-23T12:54:44","modified_gmt":"2020-05-23T12:54:44","slug":"1939-januar-11","status":"publish","type":"post","link":"https:\/\/rajongo.lmvk.hu\/?p=3177","title":{"rendered":"1939. Janu\u00e1r 11."},"content":{"rendered":"\n<p>Eg\u00e9sz nap a magyar zsid\u00f3t\u00f6rv\u00e9ny felh\u00e1bor\u00edt\u00f3 depresszi\u00f3j\u00e1ban \u00e9ltem, a rem\u00e9nytelen gonoszs\u00e1g s ostobas\u00e1g feletti r\u00e9m\u00fcletben. Sz\u00f6rny\u0171 ez a n\u00e9met \u00e1fium!<br>A tegnapi koncert: a Bart\u00f3k-szimf\u00f3nia heged\u0171re \u00e9s fuvol\u00e1ra. Engem mindig hallatlanul inspir\u00e1l ez a barb\u00e1r zene, mely mintha az \u00e9let friss forr\u00e1sait nyitn\u00e1 fel, s amellett oly impresszionista, sz\u00ednes elevens\u00e9g, mint egy Goya-k\u00e9p, vagy egy Daumier-rajz.<br>Hallatlan \u00e9rdekes. Tegnap egy cikket \u00edrtam a Pesti Napl\u00f3nak. Rem\u00e9nytelen munka, de n\u00e9ha bels\u0151 sz\u00fcks\u00e9glete az embernek.<br>Ma olvasom, hogy a Neue Freie Presse megsz\u0171nt. Lehets\u00e9ges, hogy az ir\u00e1ny\u00edtott sajt\u00f3 diszn\u00f3s\u00e1g\u00e1n s rothadt szellemi t\u00e1pl\u00e1l\u00e9kain \u00e9ljen ezent\u00fal a vil\u00e1g? Nem! Teljesen meg vagyok gy\u0151z\u0151dve, hogy a ker\u00e9k visszalend\u00fcl.<\/p>\n","protected":false},"excerpt":{"rendered":"<p>Eg\u00e9sz nap a magyar zsid\u00f3t\u00f6rv\u00e9ny felh\u00e1bor\u00edt\u00f3 depresszi\u00f3j\u00e1ban \u00e9ltem, a rem\u00e9nytelen gonoszs\u00e1g s ostobas\u00e1g feletti r\u00e9m\u00fcletben. Sz\u00f6rny\u0171 ez a n\u00e9met \u00e1fium!A tegnapi koncert: a Bart\u00f3k-szimf\u00f3nia heged\u0171re [&hellip;]<\/p>\n","protected":false},"author":1,"featured_media":0,"comment_status":"open","ping_status":"open","sticky":false,"template":"","format":"standard","meta":{"novablocks_hero_scroll_indicator":false,"novablocks_hero_position_indicators":false},"categories":[1],"tags":[],"_links":{"self":[{"href":"https:\/\/rajongo.lmvk.hu\/index.php?rest_route=\/wp\/v2\/posts\/3177"}],"collection":[{"href":"https:\/\/rajongo.lmvk.hu\/index.php?rest_route=\/wp\/v2\/posts"}],"about":[{"href":"https:\/\/rajongo.lmvk.hu\/index.php?rest_route=\/wp\/v2\/types\/post"}],"author":[{"embeddable":true,"href":"https:\/\/rajongo.lmvk.hu\/index.php?rest_route=\/wp\/v2\/users\/1"}],"replies":[{"embeddable":true,"href":"https:\/\/rajongo.lmvk.hu\/index.php?rest_route=%2Fwp%2Fv2%2Fcomments&post=3177"}],"version-history":[{"count":1,"href":"https:\/\/rajongo.lmvk.hu\/index.php?rest_route=\/wp\/v2\/posts\/3177\/revisions"}],"predecessor-version":[{"id":3178,"href":"https:\/\/rajongo.lmvk.hu\/index.php?rest_route=\/wp\/v2\/posts\/3177\/revisions\/3178"}],"wp:attachment":[{"href":"https:\/\/rajongo.lmvk.hu\/index.php?rest_route=%2Fwp%2Fv2%2Fmedia&parent=3177"}],"wp:term":[{"taxonomy":"category","embeddable":true,"href":"https:\/\/rajongo.lmvk.hu\/index.php?rest_route=%2Fwp%2Fv2%2Fcategories&post=3177"},{"taxonomy":"post_tag","embeddable":true,"href":"https:\/\/rajongo.lmvk.hu\/index.php?rest_route=%2Fwp%2Fv2%2Ftags&post=3177"}],"curies":[{"name":"wp","href":"https:\/\/api.w.org\/{rel}","templated":true}]}}