{"id":3161,"date":"1937-12-26T09:32:00","date_gmt":"1937-12-26T09:32:00","guid":{"rendered":"https:\/\/rajongo.lmvk.hu\/?p=3161"},"modified":"2020-05-23T09:33:06","modified_gmt":"2020-05-23T09:33:06","slug":"1937-december-26","status":"publish","type":"post","link":"https:\/\/rajongo.lmvk.hu\/?p=3161","title":{"rendered":"1937. December 26."},"content":{"rendered":"\n<p>Olvasom ma, hogy Kar\u00e9i Capek influenz\u00e1ban meghalt. Tal\u00e1n \u00e9lve maradt volna, ha haz\u00e1ja fennmarad, s ezt a tisztult szellemet nem \u00f6nti el a barb\u00e1rs\u00e1g. Val\u00f3sz\u00edn\u0171, hogy feladta mag\u00e1t<\/p>\n\n\n\n<p>Mit szeretek \u00e9n Magyarorsz\u00e1gban? Az Imr\u00e9dyt vagy a H\u00f3-mant? A n\u00e9pet szeretem, a t\u00e1jnak az atmoszf\u00e9r\u00e1j\u00e1t, mindenekfelett k\u00f6lt\u0151it, bar\u00e1taimat. Azt nem lehet elvenni. Az\u00e9rt nem szabad haragot tartani egy orsz\u00e1ggal, mely nem tehet arr\u00f3l, hogy politikai alakulatai mik\u00e9pp hatalmaskodnak el felette \u2014 hogy nem engedt\u00e9k neki kij\u00e1rni az embers\u00e9g iskol\u00e1j\u00e1t, s nem nevelt\u00e9k igazi nemzett\u00e9. Ellens\u00e9geit az ember &#8211; \u00e9s a nemzet -maga nevezi ki, neveli fel. Hitler \u00e9s a sajt\u00f3ja annyit ord\u00edtoznak,hogy a vil\u00e1g zsid\u00f3s\u00e1ga \u00f6sszefog ellen\u00fck, am\u00edg ez az eddig egy\u00e1ltal\u00e1n sz\u00e1mba nem vehet\u0151 er\u0151 t\u00e9nyleg t\u00e9nyez\u0151v\u00e9 v\u00e1lik.<\/p>\n","protected":false},"excerpt":{"rendered":"<p>Olvasom ma, hogy Kar\u00e9i Capek influenz\u00e1ban meghalt. Tal\u00e1n \u00e9lve maradt volna, ha haz\u00e1ja fennmarad, s ezt a tisztult szellemet nem \u00f6nti el a barb\u00e1rs\u00e1g. Val\u00f3sz\u00edn\u0171, [&hellip;]<\/p>\n","protected":false},"author":1,"featured_media":0,"comment_status":"open","ping_status":"open","sticky":false,"template":"","format":"standard","meta":{"novablocks_hero_scroll_indicator":false,"novablocks_hero_position_indicators":false},"categories":[1],"tags":[],"_links":{"self":[{"href":"https:\/\/rajongo.lmvk.hu\/index.php?rest_route=\/wp\/v2\/posts\/3161"}],"collection":[{"href":"https:\/\/rajongo.lmvk.hu\/index.php?rest_route=\/wp\/v2\/posts"}],"about":[{"href":"https:\/\/rajongo.lmvk.hu\/index.php?rest_route=\/wp\/v2\/types\/post"}],"author":[{"embeddable":true,"href":"https:\/\/rajongo.lmvk.hu\/index.php?rest_route=\/wp\/v2\/users\/1"}],"replies":[{"embeddable":true,"href":"https:\/\/rajongo.lmvk.hu\/index.php?rest_route=%2Fwp%2Fv2%2Fcomments&post=3161"}],"version-history":[{"count":1,"href":"https:\/\/rajongo.lmvk.hu\/index.php?rest_route=\/wp\/v2\/posts\/3161\/revisions"}],"predecessor-version":[{"id":3162,"href":"https:\/\/rajongo.lmvk.hu\/index.php?rest_route=\/wp\/v2\/posts\/3161\/revisions\/3162"}],"wp:attachment":[{"href":"https:\/\/rajongo.lmvk.hu\/index.php?rest_route=%2Fwp%2Fv2%2Fmedia&parent=3161"}],"wp:term":[{"taxonomy":"category","embeddable":true,"href":"https:\/\/rajongo.lmvk.hu\/index.php?rest_route=%2Fwp%2Fv2%2Fcategories&post=3161"},{"taxonomy":"post_tag","embeddable":true,"href":"https:\/\/rajongo.lmvk.hu\/index.php?rest_route=%2Fwp%2Fv2%2Ftags&post=3161"}],"curies":[{"name":"wp","href":"https:\/\/api.w.org\/{rel}","templated":true}]}}