{"id":3132,"date":"1954-09-15T08:42:00","date_gmt":"1954-09-15T08:42:00","guid":{"rendered":"https:\/\/rajongo.lmvk.hu\/?p=3132"},"modified":"2020-05-23T08:42:41","modified_gmt":"2020-05-23T08:42:41","slug":"1954-szeptember-15","status":"publish","type":"post","link":"https:\/\/rajongo.lmvk.hu\/?p=3132","title":{"rendered":"1954. Szeptember 15."},"content":{"rendered":"\n<p>Gy\u00f6ny\u00f6r\u0171 k\u00e9t h\u00e9t Positan\u00f3ban. Fantasztikus sz\u00e9p: a vid\u00e9k, a tenger, a sz\u00ednek, a Hold &#8211; a hegyoldalas falu, a laza \u00e9let, s mindenekfelett a v\u00edz \u2014 a f\u00fcrd\u00e9s. Nekem a tenger az elemem, csak abban \u00e9rzem igaz\u00e1n j\u00f3l magamat&#8230;<\/p>\n\n\n\n<p>Egy r\u00e9gi k\u00f6nyvben egy f\u00e9nyk\u00e9pet l\u00e1ttam, amint az els\u0151 vil\u00e1gh\u00e1bor\u00fa el\u0151est\u00e9j\u00e9n Vilmos cs\u00e1sz\u00e1r tan\u00e1cskozik a vez\u00e9rkarral. Ez a tehets\u00e9gtelen dilett\u00e1ns, s a k\u00f6v\u00e9r, csizm\u00e1s-sarkanty\u00fas, kit\u00fcntet\u00e9sre, cselekedetre, karrierre, mesters\u00e9g\u00fck gyakorl\u00e1s\u00e1ra \u00e9hes hivat\u00e1sos gener\u00e1lisok. Ha a d\u00f6nt\u00e9s ezek kez\u00e9ben van, ha nekik belesz\u00f3l\u00e1st engednek: a v\u00e9ge csak h\u00e1bor\u00fa lehet! Vajon megtanultuk-e v\u00e9gre: soha d\u00f6nt\u00e9st katon\u00e1k kez\u00e9be letenni nem szabad. A m\u00e9sz\u00e1rosra nem lehet b\u00edzni, hogy lev\u00e1gja-e a marh\u00e1t vagy nem. Le fogja v\u00e1gni. M\u00e9g tov\u00e1bb megyek: a katonas\u00e1g annyi mint h\u00e1bor\u00fa, katonas\u00e1g n\u00e9lk\u00fcl nem lenne h\u00e1bor\u00fa. Cs\u00f6kkents\u00e9k le vil\u00e1gszerte a katonas\u00e1got, s a h\u00e1bor\u00fa egyik legnagyobb vesz\u00e9lye elm\u00falik. S csak pszichi\u00e1teri vizsg\u00e1lat ut\u00e1n \u00e9rhessen valaki vezet\u0151 politikai, s \u00e1llamvez\u00e9ri poz\u00edci\u00f3ba, s akkor nincs vesz\u00e9ly, hogy szellemi j\u00e1rv\u00e1ny t\u00f6r ki a vil\u00e1gban &#8211; mint r\u00e9gen a testi j\u00e1rv\u00e1nyok, pestis, kolera, fekete himl\u0151. A fert\u0151z\u00e9sterjeszt\u0151ket izol\u00e1lni kell. Ha a Hitler-d\u00f6g\u00f6t idej\u00e9n immuniz\u00e1lt\u00e1k vagyis agyonvert\u00e9k volna, mit sp\u00f3rolt volna meg a vil\u00e1g!<\/p>\n","protected":false},"excerpt":{"rendered":"<p>Gy\u00f6ny\u00f6r\u0171 k\u00e9t h\u00e9t Positan\u00f3ban. Fantasztikus sz\u00e9p: a vid\u00e9k, a tenger, a sz\u00ednek, a Hold &#8211; a hegyoldalas falu, a laza \u00e9let, s mindenekfelett a v\u00edz [&hellip;]<\/p>\n","protected":false},"author":1,"featured_media":0,"comment_status":"open","ping_status":"open","sticky":false,"template":"","format":"standard","meta":{"novablocks_hero_scroll_indicator":false,"novablocks_hero_position_indicators":false},"categories":[1],"tags":[],"_links":{"self":[{"href":"https:\/\/rajongo.lmvk.hu\/index.php?rest_route=\/wp\/v2\/posts\/3132"}],"collection":[{"href":"https:\/\/rajongo.lmvk.hu\/index.php?rest_route=\/wp\/v2\/posts"}],"about":[{"href":"https:\/\/rajongo.lmvk.hu\/index.php?rest_route=\/wp\/v2\/types\/post"}],"author":[{"embeddable":true,"href":"https:\/\/rajongo.lmvk.hu\/index.php?rest_route=\/wp\/v2\/users\/1"}],"replies":[{"embeddable":true,"href":"https:\/\/rajongo.lmvk.hu\/index.php?rest_route=%2Fwp%2Fv2%2Fcomments&post=3132"}],"version-history":[{"count":1,"href":"https:\/\/rajongo.lmvk.hu\/index.php?rest_route=\/wp\/v2\/posts\/3132\/revisions"}],"predecessor-version":[{"id":3133,"href":"https:\/\/rajongo.lmvk.hu\/index.php?rest_route=\/wp\/v2\/posts\/3132\/revisions\/3133"}],"wp:attachment":[{"href":"https:\/\/rajongo.lmvk.hu\/index.php?rest_route=%2Fwp%2Fv2%2Fmedia&parent=3132"}],"wp:term":[{"taxonomy":"category","embeddable":true,"href":"https:\/\/rajongo.lmvk.hu\/index.php?rest_route=%2Fwp%2Fv2%2Fcategories&post=3132"},{"taxonomy":"post_tag","embeddable":true,"href":"https:\/\/rajongo.lmvk.hu\/index.php?rest_route=%2Fwp%2Fv2%2Ftags&post=3132"}],"curies":[{"name":"wp","href":"https:\/\/api.w.org\/{rel}","templated":true}]}}