{"id":3101,"date":"1937-03-16T08:23:00","date_gmt":"1937-03-16T08:23:00","guid":{"rendered":"https:\/\/rajongo.lmvk.hu\/?p=3101"},"modified":"2020-05-23T08:24:27","modified_gmt":"2020-05-23T08:24:27","slug":"1937-03-16","status":"publish","type":"post","link":"https:\/\/rajongo.lmvk.hu\/?p=3101","title":{"rendered":"1937.03.16."},"content":{"rendered":"\n<p>K\u00e9tf\u00e9le pr\u00f3f\u00e9ta van: az egyik az emberis\u00e9g vagy egy nemzet jobb \u00f6szt\u00f6nz\u00e9s\u00e9re apell\u00e1l (embers\u00e9g, j\u00f3s\u00e1g, szolidarit\u00e1s, al\u00e1zatoss\u00e1g)<\/p>\n\n\n\n<p>&#8211; &nbsp; &nbsp; &nbsp; ez J\u00e9zus, a m\u00e1sik a nemzet rossz \u00f6szt\u00f6neit kelti \u00e9letre (gy\u0171l\u00f6lk\u00f6d\u00e9s, d\u00fch, gyilkol\u00e1s, h\u00e1bor\u00fa) jobban mondva saj\u00e1t gonosz \u00e9s er\u0151szakos szenved\u00e9ly\u00e9t viszi \u00e1t a n\u00e9pre (nemzeti jelszavakba burkolva), s \u00f6sszet\u00e9veszti mag\u00e1t a nemzettel. Ha el\u00e9g szuggeszt\u00edv \u00e9s tehets\u00e9ges, k\u00f6nnyen felszabad\u00edtja a rossz \u00f6szt\u00f6n\u00f6k \u00e1radat\u00e1t s ir\u00e1ny\u00edt\u00e1s\u00e1t \u2014 ez majd minden dikt\u00e1tor, ez, k\u00fcl\u00f6n\u00f6sen napjainkban, Hitler. \u00c9s val\u00f3ban, a pokol felt\u00f6r\u0151 d\u00e9monainak harca a gyenge embers\u00e9g ellen, mint ahogy a Bibli\u00e1ban \u00edrva \u00e1ll- &nbsp; &nbsp; &nbsp; ezek a d\u00e9moni, rombol\u00f3 er\u0151k l\u00e9teznek, s \u00f6r\u00f6k bajt csin\u00e1lnak az emberis\u00e9gnek, s\u0151t nem biztos, hogy nem a luciferizmus-e az emberi szellem \u00e9s term\u00e9szet igazi tulajdons\u00e1ga, s nem val\u00f3ban a v\u00e9res ragadoz\u00f3k \u00e9s v\u00e9ront\u00f3k k\u00f6ze tartozik-e ez a megkerg\u00fclt faj, melyet isteni \u00e9s szel\u00edd \u00fatra t\u00e9r\u00edteni, vagy ak\u00e1rmif\u00e9le hittel korl\u00e1tozni hi\u00e1baval\u00f3 k\u00eds\u00e9rlet, mivel a v\u00e9g\u00e9n \u00fagyis mindent \u00f6sszeront, mint a f\u00f6ld alatti er\u0151k reng\u00e9se a r\u00e1emelt sz\u00e9p \u00e9p\u00fcletet&#8230;<\/p>\n","protected":false},"excerpt":{"rendered":"<p>K\u00e9tf\u00e9le pr\u00f3f\u00e9ta van: az egyik az emberis\u00e9g vagy egy nemzet jobb \u00f6szt\u00f6nz\u00e9s\u00e9re apell\u00e1l (embers\u00e9g, j\u00f3s\u00e1g, szolidarit\u00e1s, al\u00e1zatoss\u00e1g) &#8211; &nbsp; &nbsp; &nbsp; ez J\u00e9zus, a m\u00e1sik [&hellip;]<\/p>\n","protected":false},"author":1,"featured_media":0,"comment_status":"open","ping_status":"open","sticky":false,"template":"","format":"standard","meta":{"novablocks_hero_scroll_indicator":false,"novablocks_hero_position_indicators":false},"categories":[1],"tags":[],"_links":{"self":[{"href":"https:\/\/rajongo.lmvk.hu\/index.php?rest_route=\/wp\/v2\/posts\/3101"}],"collection":[{"href":"https:\/\/rajongo.lmvk.hu\/index.php?rest_route=\/wp\/v2\/posts"}],"about":[{"href":"https:\/\/rajongo.lmvk.hu\/index.php?rest_route=\/wp\/v2\/types\/post"}],"author":[{"embeddable":true,"href":"https:\/\/rajongo.lmvk.hu\/index.php?rest_route=\/wp\/v2\/users\/1"}],"replies":[{"embeddable":true,"href":"https:\/\/rajongo.lmvk.hu\/index.php?rest_route=%2Fwp%2Fv2%2Fcomments&post=3101"}],"version-history":[{"count":1,"href":"https:\/\/rajongo.lmvk.hu\/index.php?rest_route=\/wp\/v2\/posts\/3101\/revisions"}],"predecessor-version":[{"id":3102,"href":"https:\/\/rajongo.lmvk.hu\/index.php?rest_route=\/wp\/v2\/posts\/3101\/revisions\/3102"}],"wp:attachment":[{"href":"https:\/\/rajongo.lmvk.hu\/index.php?rest_route=%2Fwp%2Fv2%2Fmedia&parent=3101"}],"wp:term":[{"taxonomy":"category","embeddable":true,"href":"https:\/\/rajongo.lmvk.hu\/index.php?rest_route=%2Fwp%2Fv2%2Fcategories&post=3101"},{"taxonomy":"post_tag","embeddable":true,"href":"https:\/\/rajongo.lmvk.hu\/index.php?rest_route=%2Fwp%2Fv2%2Ftags&post=3101"}],"curies":[{"name":"wp","href":"https:\/\/api.w.org\/{rel}","templated":true}]}}