{"id":3097,"date":"1937-02-19T08:01:00","date_gmt":"1937-02-19T08:01:00","guid":{"rendered":"https:\/\/rajongo.lmvk.hu\/?p=3097"},"modified":"2020-05-23T08:01:44","modified_gmt":"2020-05-23T08:01:44","slug":"1937-02-19","status":"publish","type":"post","link":"https:\/\/rajongo.lmvk.hu\/?p=3097","title":{"rendered":"1937.02.19."},"content":{"rendered":"\n<p>Eltemett\u00fck Paul Graetzet &#8211; milyen fantasztikus volt ez a gyors elt\u00e1voz\u00e1s &#8211; semmibelev\u00e9s \u2014 majd olyan sokkom volt, mint I. gimnazista koromban, mikor egy nap nem jelent meg az oszt\u00e1lyban a bar\u00e1tom, s harmadnap m\u00e1r a temet\u00e9s\u00e9re vonultunk ki &#8211; meghalt dift\u00e9ri\u00e1ban; akkor kaptam ilyen sokkot, s onnan sz\u00e1rmazik a hipochondri\u00e1m&#8230;<\/p>\n\n\n\n<p>A kremat\u00f3rium kis k\u00e1polnaszer\u0171 term\u00e9ben. A n\u00e9met kol\u00f3nia &#8211; akik k\u00fcl\u00f6nben olyan rendk\u00edv\u00fcl gy\u0171l\u00f6lk\u00f6d\u0151k &#8211; teljes sz\u00e1mban. Toller sz\u00e9p besz\u00e9de arr\u00f3l, hogy Paul a nyelvben \u00e9lt, s amint sz\u00e1m\u0171z\u00f6tt lett, t\u00e9nyleg meghasadt a sz\u00edve &#8211; ez a Toller ink\u00e1bb egy rabbi, egy pap, mint egy \u00edr\u00f3 &#8211; azut\u00e1n az igazi pap j\u00f6tt, aki szereti m\u0171v\u00e9szet\u00e9t mutogatni, mikor tehets\u00e9ges emberek vannak jelen. Azut\u00e1n Reinhardt, az \u00f6reg professzor, igaz\u00e1n rendk\u00edv\u00fcl meghat\u00f3, amit Berlinr\u0151l, a Schuman strass\u00e9r\u0151l besz\u00e9lt &#8211; a nagy komikusokr\u00f3l, Bienfeld, Bassermann, Adalbert, s most Graetz, akik hamarabb kid\u0171lnek a sorb\u00f3l, \u00e9s csak ha a vill\u00e1m \u00edgy lecsap mellett\u00fcnk mondta , annak a f\u00e9ny\u00e9n\u00e9l l\u00e1tjuk, hol vagyunk; talajvesztetten, haz\u00e1tlanul, megfosztva igazi lehet\u0151s\u00e9geinkt\u0151l \u2014 nagyon, nagyon meghat\u00f3 volt. &#8230; S val\u00f3ban, micsoda m\u00falt \u00e1ll m\u00f6g\u00f6tte s a t\u00f6bbiek m\u00f6g\u00f6tt &#8211; ezt, ami az emberben a legbecsesebb, ami a n\u00e9pre is csak term\u00e9keny\u00edt\u0151 \u00e9s hasznos &#8211; ezt vett\u00e9k el megint egyszer a barb\u00e1rok &#8211; mert a barb\u00e1rs\u00e1g most bel\u00fclr\u0151l t\u00f6r el\u0151. S azut\u00e1n az a szeg\u00e9ny, zokog\u00f3 Bella, mint a sz\u00edven sebzett mad\u00e1r*.<\/p>\n\n\n\n<p>Persze ki sejthette, hol tartott ez a szeg\u00e9ny Paul, mert mindenki maszkot visel itt, s nem tudni, mi van alatta &#8211; a retteg\u00e9s, az egzisztenci\u00e1lis p\u00e1nik, amit oly nehezen visel el mindenki, aki idegenb\u0151l j\u00f6tt, s nem a maga atmoszf\u00e9r\u00e1j\u00e1ban \u00e9l.<\/p>\n\n\n\n<p>* Paul Graetz feles\u00e9ge<\/p>\n","protected":false},"excerpt":{"rendered":"<p>Eltemett\u00fck Paul Graetzet &#8211; milyen fantasztikus volt ez a gyors elt\u00e1voz\u00e1s &#8211; semmibelev\u00e9s \u2014 majd olyan sokkom volt, mint I. gimnazista koromban, mikor egy nap [&hellip;]<\/p>\n","protected":false},"author":1,"featured_media":0,"comment_status":"open","ping_status":"open","sticky":false,"template":"","format":"standard","meta":{"novablocks_hero_scroll_indicator":false,"novablocks_hero_position_indicators":false},"categories":[1],"tags":[],"_links":{"self":[{"href":"https:\/\/rajongo.lmvk.hu\/index.php?rest_route=\/wp\/v2\/posts\/3097"}],"collection":[{"href":"https:\/\/rajongo.lmvk.hu\/index.php?rest_route=\/wp\/v2\/posts"}],"about":[{"href":"https:\/\/rajongo.lmvk.hu\/index.php?rest_route=\/wp\/v2\/types\/post"}],"author":[{"embeddable":true,"href":"https:\/\/rajongo.lmvk.hu\/index.php?rest_route=\/wp\/v2\/users\/1"}],"replies":[{"embeddable":true,"href":"https:\/\/rajongo.lmvk.hu\/index.php?rest_route=%2Fwp%2Fv2%2Fcomments&post=3097"}],"version-history":[{"count":1,"href":"https:\/\/rajongo.lmvk.hu\/index.php?rest_route=\/wp\/v2\/posts\/3097\/revisions"}],"predecessor-version":[{"id":3098,"href":"https:\/\/rajongo.lmvk.hu\/index.php?rest_route=\/wp\/v2\/posts\/3097\/revisions\/3098"}],"wp:attachment":[{"href":"https:\/\/rajongo.lmvk.hu\/index.php?rest_route=%2Fwp%2Fv2%2Fmedia&parent=3097"}],"wp:term":[{"taxonomy":"category","embeddable":true,"href":"https:\/\/rajongo.lmvk.hu\/index.php?rest_route=%2Fwp%2Fv2%2Fcategories&post=3097"},{"taxonomy":"post_tag","embeddable":true,"href":"https:\/\/rajongo.lmvk.hu\/index.php?rest_route=%2Fwp%2Fv2%2Ftags&post=3097"}],"curies":[{"name":"wp","href":"https:\/\/api.w.org\/{rel}","templated":true}]}}