{"id":3069,"date":"1955-11-16T20:07:00","date_gmt":"1955-11-16T20:07:00","guid":{"rendered":"https:\/\/rajongo.lmvk.hu\/?p=3069"},"modified":"2020-05-22T20:08:33","modified_gmt":"2020-05-22T20:08:33","slug":"1955-december-16","status":"publish","type":"post","link":"https:\/\/rajongo.lmvk.hu\/?p=3069","title":{"rendered":"1955. December 16."},"content":{"rendered":"\n<p>Tegnap l\u00f6ncsn\u00e9l tal\u00e1lkoztam K\u00e1llay Mikl\u00f3ssal, aki minisztereln\u00f6k volt a legnehezebb id\u0151ben. A n\u00e9metek nyomt\u00e1k &#8211; mondja \u2014, hogy v\u00e9gezzen a zsid\u00f3kkal, k\u00fcldje el mindet n\u00e9met munkaszolg\u00e1latra. Ha egy ilyen ember azt mondja vagy gondolja: egye fene, vigy\u00e9k el \u0151ket &#8211; sok sz\u00e1zezer ember \u00e9lete, hal\u00e1la, szenved\u00e9se a k\u00f6vetkezm\u00e9ny \u2014 ha azt gondolja, tal\u00e1n m\u00e9gsem kellene ezt csin\u00e1lni, s valami kifog\u00e1st mond a n\u00e9meteknek \u2014 sz\u00e1zezer ember menek\u00fcl meg &#8211; de hogy ilyent\u0151l f\u00fcggj\u00f6n &#8211; hogy egy ember aznap mit gondol, hogy \u00e9rez!, s ez m\u00e9g nem is volt egy vezet\u0151 ember &#8211; csak \u00e9pp akkor minisztereln\u00f6k&#8230;<\/p>\n\n\n\n<p>Fellegi Terir\u0151l sz\u00f3l\u00f3 cikkemhez: a m\u0171v\u00e9szet azon m\u00falik, hogy egy m\u0171v\u00e9sz el\u00e9ri-e azt a bels\u0151 kiel\u00e9g\u00fcl\u00e9st, hogy azokat \u00fcd\u00edtheti, vid\u00e1m\u00edthatja, feledteti vel\u00fck a napi \u00e9let gondjait, akik \u0151hozz\u00e1 tartoznak, vele rokonok, az \u0151 honfit\u00e1rsai &#8211; egyek a m\u00faltban, az eml\u00e9kekben, a v\u00e1gyakban \u2014 \u00e9s a nyelvben. \u00c9n azt hiszem, hogy ez az \u00f6r\u00f6m, ez a beteljes\u00fcl\u00e9s, a k\u00f6zl\u00e9snek ez az element\u00e1ris m\u00f3dja p\u00e1ly\u00e1j\u00e1n boldogg\u00e1 tette Fellegi Terit. Mert eg\u00e9szen m\u00e1s dolog a honfit\u00e1rsakhoz sz\u00f3lni, akik a m\u0171v\u00e9sz minden rezd\u00fcl\u00e9s\u00e9t \u00e9rtik, mint a nagy idegen k\u00f6z\u00f6ns\u00e9ghez, mely nem olvadhat annyira \u00f6ssze a m\u0171v\u00e9sszel. \u00c9n ezt tudom m\u00e1s ter\u00fcletr\u0151l. Magam is r\u00e9szese voltam \u00fagynevezett vil\u00e1gsikereknek, n\u00e9met, francia, angol, amerikai sz\u00ednhazakban. De az az egy\u00fctt\u00e9rz\u00e9s, ami szerz\u0151, sz\u00edn\u00e9szek \u00e9s k\u00f6z\u00f6ns\u00e9g k\u00f6z\u00f6tt budapesti premiereken megvolt \u2014 amikor mintha mindenkinek szem\u00e9lyes \u00fcgye lett volna a bemutat\u00f3 &#8211; mindenkori legszebb eml\u00e9keim k\u00f6z\u00e9 tartozik.<\/p>\n","protected":false},"excerpt":{"rendered":"<p>Tegnap l\u00f6ncsn\u00e9l tal\u00e1lkoztam K\u00e1llay Mikl\u00f3ssal, aki minisztereln\u00f6k volt a legnehezebb id\u0151ben. A n\u00e9metek nyomt\u00e1k &#8211; mondja \u2014, hogy v\u00e9gezzen a zsid\u00f3kkal, k\u00fcldje el mindet n\u00e9met [&hellip;]<\/p>\n","protected":false},"author":1,"featured_media":0,"comment_status":"open","ping_status":"open","sticky":false,"template":"","format":"standard","meta":{"novablocks_hero_scroll_indicator":false,"novablocks_hero_position_indicators":false},"categories":[1],"tags":[],"_links":{"self":[{"href":"https:\/\/rajongo.lmvk.hu\/index.php?rest_route=\/wp\/v2\/posts\/3069"}],"collection":[{"href":"https:\/\/rajongo.lmvk.hu\/index.php?rest_route=\/wp\/v2\/posts"}],"about":[{"href":"https:\/\/rajongo.lmvk.hu\/index.php?rest_route=\/wp\/v2\/types\/post"}],"author":[{"embeddable":true,"href":"https:\/\/rajongo.lmvk.hu\/index.php?rest_route=\/wp\/v2\/users\/1"}],"replies":[{"embeddable":true,"href":"https:\/\/rajongo.lmvk.hu\/index.php?rest_route=%2Fwp%2Fv2%2Fcomments&post=3069"}],"version-history":[{"count":1,"href":"https:\/\/rajongo.lmvk.hu\/index.php?rest_route=\/wp\/v2\/posts\/3069\/revisions"}],"predecessor-version":[{"id":3070,"href":"https:\/\/rajongo.lmvk.hu\/index.php?rest_route=\/wp\/v2\/posts\/3069\/revisions\/3070"}],"wp:attachment":[{"href":"https:\/\/rajongo.lmvk.hu\/index.php?rest_route=%2Fwp%2Fv2%2Fmedia&parent=3069"}],"wp:term":[{"taxonomy":"category","embeddable":true,"href":"https:\/\/rajongo.lmvk.hu\/index.php?rest_route=%2Fwp%2Fv2%2Fcategories&post=3069"},{"taxonomy":"post_tag","embeddable":true,"href":"https:\/\/rajongo.lmvk.hu\/index.php?rest_route=%2Fwp%2Fv2%2Ftags&post=3069"}],"curies":[{"name":"wp","href":"https:\/\/api.w.org\/{rel}","templated":true}]}}