{"id":2733,"date":"1935-12-21T11:46:00","date_gmt":"1935-12-21T11:46:00","guid":{"rendered":"https:\/\/rajongo.lmvk.hu\/?p=2733"},"modified":"2020-05-21T11:47:35","modified_gmt":"2020-05-21T11:47:35","slug":"1935-12-21","status":"publish","type":"post","link":"https:\/\/rajongo.lmvk.hu\/?p=2733","title":{"rendered":"1935.12.21."},"content":{"rendered":"\n<p>J\u00f3 k\u00e9t hete nem \u00edrtam. Mi\u00e9rt? Ha v\u00e1rakoz\u00e1sban vagyok, valami d\u00f6nt\u00e9s el\u0151tt, nem tudok \u00edrni. S ezek a napok megfesz\u00edtett v\u00e1rakoz\u00e1sban teltek el. A film olyan, mint a kasz\u00e1rnya. Reggel hatkor felkeltik az embert, ott \u00e1ll az udvaron d\u00e9li 11-ig, akkor j\u00f6n egy hadnagy, szalut\u00e1l s azt mondja: \u201ePihenj!\u201d<\/p>\n\n\n\n<p>Itt \u00e1llok a Liszt-scripttel &#8211; 10 napja nem mehetek tov\u00e1bb, mert Lubitschnak nem volt ideje foglalkozni vele, s engem nyugtalan\u00edt, hogy munka n\u00e9lk\u00fcl kapom a p\u00e9nzt, ehhez nem vagyok szokva. S\u00fcrgetni meg nem lehet, mit s\u00fcrgessek, nekem tulajdonk\u00e9ppen nem fontos, mert ha el\u0151bb k\u00e9sz vagyok vele, akkor az alap is megsz\u0171nik.<\/p>\n\n\n\n<p>Nincs meg bennem a film\u00edr\u00f3k m\u00e9ly, igazi szemtelens\u00e9ge, azok\u00e9, akik a legnagyobb nyugalommal h\u00f3napokig h\u00fazz\u00e1k a p\u00e9nzt semmi\u00e9rt. El\u00e9rni akarok valamit, hogy alapot teremtsek itt magamnak, mert a visszat\u00e9r\u00e9st egyel\u0151re rem\u00e9nytelennek l\u00e1tom\u2026<\/p>\n\n\n\n<p>Kem\u00e9nyebb k\u00f6t\u00e9st kell v\u00e9gre csin\u00e1lni a munk\u00e1ban s az \u00e9letben. Nagy hat\u00e1ssal volt r\u00e1m Maugham tegnap olvasott novell\u00e1ja. Igen &#8211; ez valami, ez le van t\u00e9ve nemcsak az eszt\u00e9tikusok, hanem minden ember sz\u00e1m\u00e1ra. Most valahogy \u00e9lesen l\u00e1tom az \u00edr\u00f3i szekta hib\u00e1it, mi\u00f3ta a szakk\u00f6nyveket olvasom. Val\u00f3ban papszer\u0171 l\u00e9nyek, a bet\u0171 rabjai, s\u0151t n\u00e9ha \u00e9ppen abszol\u00fate nem emberiek, a st\u00edlus nem tesz j\u00f3t az emberis\u00e9gnek. Tulajdonk\u00e9ppen egym\u00e1snak \u00edrnak, s egym\u00e1sr\u00f3l val\u00f3 v\u00e9lem\u00e9ny\u00fcket r\u00e9m fontosnak tartj\u00e1k. Formai \u00e9s kifejez\u00e9si k\u00e9rd\u00e9sekre forg\u00e1csolj\u00e1k tehets\u00e9g\u00fcket, nem mint a r\u00e9gi b\u0151v\u00e9r\u0171 \u00edr\u00f3k, akik mes\u00e9ltek s anekdot\u00e1ztak egy vel\u00fck sz\u00fcletett \u00e9s nem t\u00falfejlesztett \u00edr\u00e1sm\u0171v\u00e9szettel. Ritka az igazi \u00edr\u00e1s. Filmesek munkam\u00f3dszere; egyik \u00edr\u00f3t\u00f3l elveszik s odaadj\u00e1k &#8211; vagy nem is adj\u00e1k oda &#8211; a m\u00e1siknak, eg\u00e9sz m\u00e1st \u00edratnak vele, nem engedik, hogy vitatkoz\u00e1sba mer\u00fcljenek &#8211; van benne valami.<\/p>\n","protected":false},"excerpt":{"rendered":"<p>J\u00f3 k\u00e9t hete nem \u00edrtam. Mi\u00e9rt? Ha v\u00e1rakoz\u00e1sban vagyok, valami d\u00f6nt\u00e9s el\u0151tt, nem tudok \u00edrni. S ezek a napok megfesz\u00edtett v\u00e1rakoz\u00e1sban teltek el. A film [&hellip;]<\/p>\n","protected":false},"author":1,"featured_media":0,"comment_status":"open","ping_status":"open","sticky":false,"template":"","format":"standard","meta":{"novablocks_hero_scroll_indicator":false,"novablocks_hero_position_indicators":false},"categories":[1],"tags":[],"_links":{"self":[{"href":"https:\/\/rajongo.lmvk.hu\/index.php?rest_route=\/wp\/v2\/posts\/2733"}],"collection":[{"href":"https:\/\/rajongo.lmvk.hu\/index.php?rest_route=\/wp\/v2\/posts"}],"about":[{"href":"https:\/\/rajongo.lmvk.hu\/index.php?rest_route=\/wp\/v2\/types\/post"}],"author":[{"embeddable":true,"href":"https:\/\/rajongo.lmvk.hu\/index.php?rest_route=\/wp\/v2\/users\/1"}],"replies":[{"embeddable":true,"href":"https:\/\/rajongo.lmvk.hu\/index.php?rest_route=%2Fwp%2Fv2%2Fcomments&post=2733"}],"version-history":[{"count":1,"href":"https:\/\/rajongo.lmvk.hu\/index.php?rest_route=\/wp\/v2\/posts\/2733\/revisions"}],"predecessor-version":[{"id":2734,"href":"https:\/\/rajongo.lmvk.hu\/index.php?rest_route=\/wp\/v2\/posts\/2733\/revisions\/2734"}],"wp:attachment":[{"href":"https:\/\/rajongo.lmvk.hu\/index.php?rest_route=%2Fwp%2Fv2%2Fmedia&parent=2733"}],"wp:term":[{"taxonomy":"category","embeddable":true,"href":"https:\/\/rajongo.lmvk.hu\/index.php?rest_route=%2Fwp%2Fv2%2Fcategories&post=2733"},{"taxonomy":"post_tag","embeddable":true,"href":"https:\/\/rajongo.lmvk.hu\/index.php?rest_route=%2Fwp%2Fv2%2Ftags&post=2733"}],"curies":[{"name":"wp","href":"https:\/\/api.w.org\/{rel}","templated":true}]}}