{"id":2582,"date":"1934-12-31T15:14:00","date_gmt":"1934-12-31T15:14:00","guid":{"rendered":"https:\/\/rajongo.lmvk.hu\/?p=2582"},"modified":"2020-05-20T15:15:01","modified_gmt":"2020-05-20T15:15:01","slug":"1934-12-31","status":"publish","type":"post","link":"https:\/\/rajongo.lmvk.hu\/?p=2582","title":{"rendered":"1934.12.31."},"content":{"rendered":"\n<p>Egy h\u00f3napig, am\u00edg Ancsi beteg volt, nem \u00edrtam napl\u00f3t &#8211; nem is akartam regisztr\u00e1lni az esem\u00e9nyeket -, a r\u00e9m\u00fclet tartotta \u00f6sszeszor\u00edtva a sz\u00edvemet. Az els\u0151 napok k\u00e9ts\u00e9gbees\u00e9se. A betegs\u00e9g k\u00f6r\u00fclm\u00e9nyei \u00e9s nagyon er\u0151s fell\u00e9p\u00e9se, \u00e9s hogy \u201eisolation hospital\u201d-ba* kellett sz\u00e1ll\u00edtani &#8211; bizalmatlans\u00e1gunk az angol orvosokkal \u00e9s k\u00f3rh\u00e1zakkal szemben &#8211; elsz\u00e1ll\u00edt\u00e1s\u00e1nak k\u00f6r\u00fclm\u00e9nyei. Azon az es\u0151s decemberi napon, mikor az ambulance kocsi ut\u00e1n hajtottunk a der\u00e9k B\u00e1nszky orvossal, s hogy ott kellett hagyni \u0151t kint a k\u00f3rh\u00e1zban, s nem volt lehet\u0151s\u00e9g m\u00e9g l\u00e1tni sem, s hogy m\u00e1snap azt a h\u00edrt kaptuk, hogy \u00e1llapota v\u00e1ltozatlan, mikor tudtam, hogy 40 fokon fel\u00fcli l\u00e1zzal vitt\u00e9k be, akkor teljesen \u00f6sszet\u00f6rtem. Leg\u00e9rz\u00e9kenyebb pontomon t\u00e1madtak, ez a gyerek nagyon a sz\u00edvemhez van n\u0151ve, azt hiszem, az a l\u00e9ny, akihez legjobban ragaszkodom a vil\u00e1gon. Bennem id\u0151nk\u00e9nt hideg \u00e1ramlatok \u00fasznak, amelyek elv\u00e1lasztanak mindenkit\u0151l -ezen az egy ponton vagyok mindig olvad\u00e9kony, s \u00e9rz\u00e9keny&#8230;<\/p>\n\n\n\n<p>A neh\u00e9z \u00f3r\u00e1k alatt &#8211; mikor minden felfordult bennem s \u00faj vizsg\u00e1latot tartottam magam s a dolgok felett, kit\u0171nt olyan \u00fcgyeknek a jelent\u00e9ktelens\u00e9ge, amik miatt gondot csin\u00e1ltam magamnak, s mintha r\u00e1tapintottam volna a dolgok l\u00e9nyegere s igazi \u00e9rtelme.<\/p>\n\n\n\n<p>Vil\u00e1gos lett el\u0151ttem az \u00e1l\u00e9let, amelybe a l\u00e9tfenntart\u00e1s f\u00e9lelme, az egzisztenci\u00e1lis p\u00e1nik k\u00e9nyszer\u00edti az embert, s eltakarja el\u0151le az igazi forr\u00e1sokat. A l\u00e9tfenntart\u00e1s \u00e9rtelmi \u00e9letet parancsol, \u00e9rdekek harc\u00e1t, \u00e1larcos k\u00fczdelmet &#8211; holott minden rossz az \u00e9rtelemb\u0151l j\u00f6n, mert az \u00e9sz k\u00f6ny\u00f6rtelen, az \u00e9sz az \u00f6rd\u00f6ge a vil\u00e1gnak &#8211; ellenben az \u00e9rzelem tiszta s altruista, s ezen az alapon k\u00f6nnyebben lehet k\u00f6zeledni, nemcsak a dolgok l\u00e9nyeg\u00e9hez, hanem ink\u00e1bb erre lehet alap\u00edtani az \u00e9let \u00e9rtelm\u00e9t, mint az \u00e9sz spekul\u00e1ci\u00f3ira.<\/p>\n\n\n\n<p>S ez mindenkihez sz\u00f3l. \u00c9rtelemmel nem tudok hatni ember-t\u00e1rsaimra sem, mert m\u0171velts\u00e9gi fokozatok v\u00e1lasztanak el t\u0151l\u00fck &#8211; nem is besz\u00e9lve nyelvi \u00e9s faji neh\u00e9zs\u00e9gekr\u0151l &#8211; de \u00e9rzelmileg m\u00e9g egy tekn\u0151sb\u00e9k\u00e1hoz is tudok k\u00f6zeledni, nincs teremtett l\u00e9ny a vil\u00e1gon, akinek ne volna \u00e9rz\u00e9ke a szeretetteljes k\u00f6zeled\u00e9s ir\u00e1nt.<\/p>\n\n\n\n<p>Ha e dr\u00e1ga gyermek betegs\u00e9g\u00e9b\u0151l ezek a tanuls\u00e1gok meg tudn\u00e1nak maradni, nem venne er\u0151t rajtunk megint az \u00e9let napi gondja s retteg\u00e9se, sokkal felszabadultabb lenne az \u00e9let, melyt\u0151l k\u00fcl\u00f6nben f\u00e1radt lettem az utols\u00f3 id\u0151ben. Az ember mindig arra k\u00e9sz\u00fcl, hogy amint befel\u00e9 halad a korba, v\u00e9gre valami filoz\u00f3fi\u00e1t k\u00e9sz\u00edtsen mag\u00e1nak az \u00e9letr\u0151l s annak \u00e9rtelm\u00e9r\u0151l, elt\u0171n\u00e9s\u00e9nek rejt\u00e9ly\u00e9r\u0151l, ha m\u00e1st nem, egy kis\u00fcst\u00f6n f\u0151z\u00f6tt h\u00e1zi filoz\u00f3fi\u00e1t, mag\u00e1nhaszn\u00e1latra-ak\u00e1r munk\u00e1ba menek\u00fclj\u00f6n, ak\u00e1r spiritiszta, ak\u00e1r misztikus legyen, de mire od\u00e1ig jut, hogy azt a filoz\u00f3fi\u00e1t tov\u00e1bb\u00e9l\u00e9se alapjak\u00e9nt megcsin\u00e1lja &#8211; f\u00e1radtan abbahagyja az eg\u00e9szet.<\/p>\n\n\n\n<p>Most \u00faj lak\u00e1sban vagyunk, a legszebben, amit elk\u00e9pzelni lehet, m\u00e9gis nyomaszt\u00f3, rossz itt az els\u0151 h\u00e9t, \u00e9ppen gondjaim miatt, s mint Lax helyesen meg\u00e1llap\u00edtotta, \u00e9n nem l\u00e1tom sohasem objekt\u00edven a magam helyzet\u00e9t a vil\u00e1gban, valami ferde sz\u00f6gb\u0151l n\u00e9zem betegesen a dolgokat, s szitu\u00e1ci\u00f3imat \u00e1ltal\u00e1ban&#8230;<\/p>\n\n\n\n<p>Aranyos Ancsi v\u00e9gre, k\u00f6zel n\u00e9gy h\u00e9t ut\u00e1n hazaj\u00f6tt &#8211; kev\u00e9s ilyen okos, k\u00e9sz, kedves, helyes \u00edt\u00e9let\u0171, term\u00e9keny s j\u00f3ked\u00e9ly\u0171 emberi l\u00e9nyt ismerek; a csal\u00e1d, a legk\u00f6zelebbi hozz\u00e1nk tartoz\u00f3k, teh\u00e1t a gyerek jelent m\u00e9gis a legt\u00f6bbet, az\u00e9rt is leg\u00e9rdekesebbek sz\u00ednpadon, reg\u00e9nyekben is a csal\u00e1di t\u00f6rt\u00e9netek.<\/p>\n\n\n\n<p>A m\u00falt esztend\u0151 mindent \u00f6sszevetve v\u00e1ltozatos volt, k\u00e9t darabot \u00edrtam, j\u00f3 munka, mely azonban nem jelentett eredm\u00e9nyt -de m\u00e9g nincs lez\u00e1rva semmi!&#8230;<\/p>\n\n\n\n<p>* (ang.) j\u00e1rv\u00e1nyk\u00f3rh\u00e1z<\/p>\n","protected":false},"excerpt":{"rendered":"<p>Egy h\u00f3napig, am\u00edg Ancsi beteg volt, nem \u00edrtam napl\u00f3t &#8211; nem is akartam regisztr\u00e1lni az esem\u00e9nyeket -, a r\u00e9m\u00fclet tartotta \u00f6sszeszor\u00edtva a sz\u00edvemet. Az els\u0151 [&hellip;]<\/p>\n","protected":false},"author":1,"featured_media":0,"comment_status":"open","ping_status":"open","sticky":false,"template":"","format":"standard","meta":{"novablocks_hero_scroll_indicator":false,"novablocks_hero_position_indicators":false},"categories":[1],"tags":[],"_links":{"self":[{"href":"https:\/\/rajongo.lmvk.hu\/index.php?rest_route=\/wp\/v2\/posts\/2582"}],"collection":[{"href":"https:\/\/rajongo.lmvk.hu\/index.php?rest_route=\/wp\/v2\/posts"}],"about":[{"href":"https:\/\/rajongo.lmvk.hu\/index.php?rest_route=\/wp\/v2\/types\/post"}],"author":[{"embeddable":true,"href":"https:\/\/rajongo.lmvk.hu\/index.php?rest_route=\/wp\/v2\/users\/1"}],"replies":[{"embeddable":true,"href":"https:\/\/rajongo.lmvk.hu\/index.php?rest_route=%2Fwp%2Fv2%2Fcomments&post=2582"}],"version-history":[{"count":1,"href":"https:\/\/rajongo.lmvk.hu\/index.php?rest_route=\/wp\/v2\/posts\/2582\/revisions"}],"predecessor-version":[{"id":2583,"href":"https:\/\/rajongo.lmvk.hu\/index.php?rest_route=\/wp\/v2\/posts\/2582\/revisions\/2583"}],"wp:attachment":[{"href":"https:\/\/rajongo.lmvk.hu\/index.php?rest_route=%2Fwp%2Fv2%2Fmedia&parent=2582"}],"wp:term":[{"taxonomy":"category","embeddable":true,"href":"https:\/\/rajongo.lmvk.hu\/index.php?rest_route=%2Fwp%2Fv2%2Fcategories&post=2582"},{"taxonomy":"post_tag","embeddable":true,"href":"https:\/\/rajongo.lmvk.hu\/index.php?rest_route=%2Fwp%2Fv2%2Ftags&post=2582"}],"curies":[{"name":"wp","href":"https:\/\/api.w.org\/{rel}","templated":true}]}}