{"id":2570,"date":"1934-09-24T15:08:00","date_gmt":"1934-09-24T15:08:00","guid":{"rendered":"https:\/\/rajongo.lmvk.hu\/?p=2570"},"modified":"2020-05-20T15:09:32","modified_gmt":"2020-05-20T15:09:32","slug":"1934-09-24","status":"publish","type":"post","link":"https:\/\/rajongo.lmvk.hu\/?p=2570","title":{"rendered":"1934.09.24."},"content":{"rendered":"\n<p>R\u00e9mes este a His Majesty\u2019sben.* K\u00eds\u00e9rtetiesen hasonl\u00f3 a 22 \u00e9v el\u0151tti Pr\u00f3f\u00e9ta-premierhez. Ez egy \u00e9letvesz\u00e9lyes p\u00e1lya, hogy mennyire nem lehet itt tudni el\u0151re! \u00c9n azt hittem, az el\u0151ad\u00e1snak nagy sikernek kell lennie, de ha a vask\u00f6z\u00f6ns\u00e9g &#8211; amelyet oly k\u00f6nny\u0171 s oly neh\u00e9z megmozd\u00edtani &#8211; ott \u00fcl a hely\u00e9n, minden m\u00e1sk\u00e9ppen n\u00e9z ki. Szimpatikus dolgok kellenek els\u0151sorban, az biztos. Amivel vele lehet menni. Ez d\u00f6nti el a sz\u00ednpadi sikert &#8211; ennek ir\u00e1ny\u00e1ban kell megv\u00e1logatni a k\u00f6vetkez\u0151 t\u00e9m\u00e1imat. Tegnap valami rideg pechsorozat l\u00f3gott a leveg\u0151ben. Mintha valaki rendezte volna&#8230; A sors?&#8230; Ahogy a f\u00fcgg\u00f6ny el\u0151bb ment sz\u00e9t \u00e9s elrontotta a legszebb hat\u00e1st, ahogy a macska bej\u00f6tt a sz\u00ednpadra, s elkezdtek r\u00e1 vad\u00e1szni, vigy\u00e1zva, nehogy az \u00e1llatkedvel\u0151 k\u00f6z\u00f6ns\u00e9get a sz\u00ednh\u00e1z ellen ford\u00edts\u00e1k. A karzat g\u00fanyos nevet\u00e9se, mely megzavarta a darab legszebb jeleneteit. Korda M\u00e1ria felvonul\u00e1sa a felvon\u00e1s k\u00f6zep\u00e9n, hogy botr\u00e1nyt kavarjon Kord\u00e1nak. S a dolgok k\u00f6zep\u00e9n ez a szeg\u00e9ny R\u00f3bert ide\u00e9rkezett k\u00e9t b\u00e1tyj\u00e1val, utols\u00f3 k\u00e1rty\u00e1j\u00e1t j\u00e1tssza ki, s befuccsol. S ut\u00e1na a \u201ebankett\u201d&#8230;<\/p>\n\n\n\n<p>R\u00f3bert esete \u00e9s az eny\u00e9m is: aki \u00f6tven\u00e9ves kor\u00e1ig nem szerezte meg anyagi l\u00e9talapj\u00e1t, annak nagyon keserves k\u00fczdelmekre kell elk\u00e9sz\u00fclni \u00e9lete utols\u00f3 harmad\u00e1ban, mert k\u00fczdenie kell saj\u00e1t m\u00faltj\u00e1val, amelynek t\u00f6rv\u00e9nyei nem alkalmazhat\u00f3k a megv\u00e1ltozott jelenre!<\/p>\n\n\n\n<p>* R\u00f3bert Jen\u0151. egykori berlini sz\u00ednidirektor els\u0151 \u00e9s egyben utols\u00f3 londoni sz\u00ednh\u00e1zi rendez\u00e9s\u00e9r\u0151l van sz\u00f3.<\/p>\n","protected":false},"excerpt":{"rendered":"<p>R\u00e9mes este a His Majesty\u2019sben.* K\u00eds\u00e9rtetiesen hasonl\u00f3 a 22 \u00e9v el\u0151tti Pr\u00f3f\u00e9ta-premierhez. Ez egy \u00e9letvesz\u00e9lyes p\u00e1lya, hogy mennyire nem lehet itt tudni el\u0151re! \u00c9n azt [&hellip;]<\/p>\n","protected":false},"author":1,"featured_media":0,"comment_status":"open","ping_status":"open","sticky":false,"template":"","format":"standard","meta":{"novablocks_hero_scroll_indicator":false,"novablocks_hero_position_indicators":false},"categories":[1],"tags":[],"_links":{"self":[{"href":"https:\/\/rajongo.lmvk.hu\/index.php?rest_route=\/wp\/v2\/posts\/2570"}],"collection":[{"href":"https:\/\/rajongo.lmvk.hu\/index.php?rest_route=\/wp\/v2\/posts"}],"about":[{"href":"https:\/\/rajongo.lmvk.hu\/index.php?rest_route=\/wp\/v2\/types\/post"}],"author":[{"embeddable":true,"href":"https:\/\/rajongo.lmvk.hu\/index.php?rest_route=\/wp\/v2\/users\/1"}],"replies":[{"embeddable":true,"href":"https:\/\/rajongo.lmvk.hu\/index.php?rest_route=%2Fwp%2Fv2%2Fcomments&post=2570"}],"version-history":[{"count":1,"href":"https:\/\/rajongo.lmvk.hu\/index.php?rest_route=\/wp\/v2\/posts\/2570\/revisions"}],"predecessor-version":[{"id":2571,"href":"https:\/\/rajongo.lmvk.hu\/index.php?rest_route=\/wp\/v2\/posts\/2570\/revisions\/2571"}],"wp:attachment":[{"href":"https:\/\/rajongo.lmvk.hu\/index.php?rest_route=%2Fwp%2Fv2%2Fmedia&parent=2570"}],"wp:term":[{"taxonomy":"category","embeddable":true,"href":"https:\/\/rajongo.lmvk.hu\/index.php?rest_route=%2Fwp%2Fv2%2Fcategories&post=2570"},{"taxonomy":"post_tag","embeddable":true,"href":"https:\/\/rajongo.lmvk.hu\/index.php?rest_route=%2Fwp%2Fv2%2Ftags&post=2570"}],"curies":[{"name":"wp","href":"https:\/\/api.w.org\/{rel}","templated":true}]}}