{"id":2526,"date":"1934-02-19T11:53:00","date_gmt":"1934-02-19T11:53:00","guid":{"rendered":"https:\/\/rajongo.lmvk.hu\/?p=2526"},"modified":"2020-05-20T11:54:27","modified_gmt":"2020-05-20T11:54:27","slug":"1934-02-19","status":"publish","type":"post","link":"https:\/\/rajongo.lmvk.hu\/?p=2526","title":{"rendered":"1934.02.19."},"content":{"rendered":"\n<p>Hallv\u00e1n ezt a baromi tragikus p\u00e1toszt a n\u00e9met r\u00e1di\u00f3ban, gondolom, hogy a trag\u00e9dia a kispolg\u00e1r elk\u00e9pzel\u00e9si form\u00e1ja&#8230; csak kis \u00e9s sz\u0171k agyvel\u0151k b\u0151gik \u00edgy ki egy s\u00e9m\u00e1ba beszor\u00edtva az \u00e9letr\u0151l (k\u00f6teless\u00e9gr\u0151l) val\u00f3 elk\u00e9pzel\u00e9seiket.<\/p>\n\n\n\n<p>Akik t\u00f6bb szkepszissel vagy nagyobb \u00e9let\u00e9lvezettel \u00e1llanak a dolgokkal szemben &#8211; azoknak ez a forma szinte nevets\u00e9ges. Shakespeare t\u00e1volr\u00f3l sem patetikus vagy tragikus ilyen \u00e9rtelemben, az \u0151 t\u00f6rt\u00e9neteiben a szavak pomp\u00e1ja mellett halk \u00e9rtelem van, s valami megsemmis\u00edt\u0151 r\u00e1ismer\u00e9s a szenved\u00e9ly hatalm\u00e1ra, \u0151 nem patetikus s egyir\u00e1ny\u00fa, ellent\u00e9tben a g\u00f6r\u00f6g trag\u00e9di\u00e1val, amely a demokrata kispolg\u00e1r kifejez\u00e9si form\u00e1ja (tal\u00e1n).<\/p>\n\n\n\n<p>Sok dolgom van h\u00e1l\u2019 Istennek, s ez magamhoz t\u00e9r\u00edt &#8211; Czin-ner-film, Korda, s m\u00e9g a Var\u00e1zst\u00fck\u00f6r darab \u00e9s sok cikk&#8230; A cikkeknek jelent\u00e9kenyeknek kell lenni &#8211; mintha most kezden\u00e9m a p\u00e1ly\u00e1t, olyan amb\u00edci\u00f3val \u00edrva &#8211; fel kell venni a versenyt az igaz\u00e1n tehets\u00e9ges fiatalokkal, akik \u00f6rd\u00f6gien tudj\u00e1k a mesters\u00e9get, de tal\u00e1n nem olyan j\u00f3 elgondolok, mint \u00e9n vagyok.<\/p>\n\n\n\n<p>Tegnap este nagy t\u00e1rsas\u00e1g n\u00e1lunk. Romola* spiritiszta, azt \u00e1ll\u00edtja, minden reggel bej\u00f6n a szob\u00e1j\u00e1ba a szellem &#8211; mozg\u00e1sba hozza a b\u00fatorokat, s \u0151 hallja, amit besz\u00e9l. \u0150 csin\u00e1lta Kord\u00e1val a szerz\u0151d\u00e9st (m\u00e1rmint a szellem).<\/p>\n\n\n\n<p>* Nizsinszkij feles\u00e9ge, Pulszky Romola, M\u00e1rkus Em\u00edlia l\u00e1nya.<\/p>\n","protected":false},"excerpt":{"rendered":"<p>Hallv\u00e1n ezt a baromi tragikus p\u00e1toszt a n\u00e9met r\u00e1di\u00f3ban, gondolom, hogy a trag\u00e9dia a kispolg\u00e1r elk\u00e9pzel\u00e9si form\u00e1ja&#8230; csak kis \u00e9s sz\u0171k agyvel\u0151k b\u0151gik \u00edgy ki [&hellip;]<\/p>\n","protected":false},"author":1,"featured_media":0,"comment_status":"open","ping_status":"open","sticky":false,"template":"","format":"standard","meta":{"novablocks_hero_scroll_indicator":false,"novablocks_hero_position_indicators":false},"categories":[1],"tags":[],"_links":{"self":[{"href":"https:\/\/rajongo.lmvk.hu\/index.php?rest_route=\/wp\/v2\/posts\/2526"}],"collection":[{"href":"https:\/\/rajongo.lmvk.hu\/index.php?rest_route=\/wp\/v2\/posts"}],"about":[{"href":"https:\/\/rajongo.lmvk.hu\/index.php?rest_route=\/wp\/v2\/types\/post"}],"author":[{"embeddable":true,"href":"https:\/\/rajongo.lmvk.hu\/index.php?rest_route=\/wp\/v2\/users\/1"}],"replies":[{"embeddable":true,"href":"https:\/\/rajongo.lmvk.hu\/index.php?rest_route=%2Fwp%2Fv2%2Fcomments&post=2526"}],"version-history":[{"count":1,"href":"https:\/\/rajongo.lmvk.hu\/index.php?rest_route=\/wp\/v2\/posts\/2526\/revisions"}],"predecessor-version":[{"id":2527,"href":"https:\/\/rajongo.lmvk.hu\/index.php?rest_route=\/wp\/v2\/posts\/2526\/revisions\/2527"}],"wp:attachment":[{"href":"https:\/\/rajongo.lmvk.hu\/index.php?rest_route=%2Fwp%2Fv2%2Fmedia&parent=2526"}],"wp:term":[{"taxonomy":"category","embeddable":true,"href":"https:\/\/rajongo.lmvk.hu\/index.php?rest_route=%2Fwp%2Fv2%2Fcategories&post=2526"},{"taxonomy":"post_tag","embeddable":true,"href":"https:\/\/rajongo.lmvk.hu\/index.php?rest_route=%2Fwp%2Fv2%2Ftags&post=2526"}],"curies":[{"name":"wp","href":"https:\/\/api.w.org\/{rel}","templated":true}]}}