{"id":2474,"date":"1933-08-30T08:21:00","date_gmt":"1933-08-30T08:21:00","guid":{"rendered":"https:\/\/rajongo.lmvk.hu\/?p=2474"},"modified":"2020-05-20T08:21:48","modified_gmt":"2020-05-20T08:21:48","slug":"1933-08-30","status":"publish","type":"post","link":"https:\/\/rajongo.lmvk.hu\/?p=2474","title":{"rendered":"1933.08.30."},"content":{"rendered":"\n<p>V\u00e9gre mozogni kezdett az \u00e9let. Bergner \u00fczent R\u00f3bert \u00fatj\u00e1n, hogy besz\u00e9lni akar velem, m\u00e1snap randev\u00fa, teljes k\u00e9ts\u00e9gbees\u00e9sben tal\u00e1lom, mentsem meg az \u00e9let\u00e9t, a filmnek, amit adni akarnak neki, a sz\u00f6vege r\u00e9mes, fel\u00fcletes, operett, \u0151 azt nem tudja. \u201e\u00c9n dilett\u00e1ns vagyok \u2014 mondja -, amit m\u00e1s rutinnal \u00e1t tud hidalni, abban \u00e9n megbukom, \u00e9n csak az \u00e1t\u00e9lt dolgokat tudom elj\u00e1tszani, az\u00e9rt irt\u00f3zatosan fontos, hogy j\u00f3 anyagot kapjak.\u201d Csak bennem b\u00edzik, megbesz\u00e9lj\u00fck, hogyha h\u00edv, j\u00f6v\u00f6k.<\/p>\n\n\n\n<p>Ez volt vas\u00e1rnap, este m\u00e1r telefon\u00e1l B\u00edr\u00f3, hogy m\u00e1snapra j\u00f6jjek be a sztori-konferenci\u00e1ra seg\u00edteni. M\u00e1snap bej\u00f6v\u00f6k -szembe tal\u00e1lom magam azzal a helyzettel, hogy akik eddig tudni sem akartam r\u00f3lam \u2014 Korda, Bir\u00f3 \u2014 most a mened\u00e9k\u00fck vagyok, mert hajsz\u00e1lon m\u00falik a film. S b\u00e1r alig van m\u00e1r 30 fontom, tartom magam, s megegyezem Kord\u00e1val 600 fontra, \u00e9s hogy a k\u00f6vetkez\u0151 filmben is seg\u00edtek. Ez lenne az els\u0151 nagy szerz\u0151d\u00e9sem \u00e9s keresetem Londonban. Esti tan\u00e1cskoz\u00e1s, Bergner \u00f6sszevesz\u00e9se Kord\u00e1val. Az eg\u00e9sz dolog felborul, ha nem csin\u00e1lunk valamit\u2026 Most n\u00e9h\u00e1ny nagyon j\u00f3 nap, friss munk\u00e1ban. L\u00e1tom, hogy a dolog fel\u00e9p\u00edt\u00e9sei \u00e9s k\u00f6rvonala j\u00f3k, csak nincs rend benne, \u00e9s a dial\u00f3g roppant fel\u00fcletes m\u00f3don van megcsin\u00e1lva \u2013 semmi \u00e9let. M\u00e1snap Bir\u00f3val rendbe hozzuk a m\u00e1sodik r\u00e9szt. Nagy drukk, hogy Bergner elfogadja-e. Kord\u00e1n\u00e1l besz\u00e9lget\u00e9s a pesti \u00e9letr\u0151l.<\/p>\n","protected":false},"excerpt":{"rendered":"<p>V\u00e9gre mozogni kezdett az \u00e9let. Bergner \u00fczent R\u00f3bert \u00fatj\u00e1n, hogy besz\u00e9lni akar velem, m\u00e1snap randev\u00fa, teljes k\u00e9ts\u00e9gbees\u00e9sben tal\u00e1lom, mentsem meg az \u00e9let\u00e9t, a filmnek, amit [&hellip;]<\/p>\n","protected":false},"author":1,"featured_media":0,"comment_status":"open","ping_status":"open","sticky":false,"template":"","format":"standard","meta":{"novablocks_hero_scroll_indicator":false,"novablocks_hero_position_indicators":false},"categories":[1],"tags":[],"_links":{"self":[{"href":"https:\/\/rajongo.lmvk.hu\/index.php?rest_route=\/wp\/v2\/posts\/2474"}],"collection":[{"href":"https:\/\/rajongo.lmvk.hu\/index.php?rest_route=\/wp\/v2\/posts"}],"about":[{"href":"https:\/\/rajongo.lmvk.hu\/index.php?rest_route=\/wp\/v2\/types\/post"}],"author":[{"embeddable":true,"href":"https:\/\/rajongo.lmvk.hu\/index.php?rest_route=\/wp\/v2\/users\/1"}],"replies":[{"embeddable":true,"href":"https:\/\/rajongo.lmvk.hu\/index.php?rest_route=%2Fwp%2Fv2%2Fcomments&post=2474"}],"version-history":[{"count":1,"href":"https:\/\/rajongo.lmvk.hu\/index.php?rest_route=\/wp\/v2\/posts\/2474\/revisions"}],"predecessor-version":[{"id":2475,"href":"https:\/\/rajongo.lmvk.hu\/index.php?rest_route=\/wp\/v2\/posts\/2474\/revisions\/2475"}],"wp:attachment":[{"href":"https:\/\/rajongo.lmvk.hu\/index.php?rest_route=%2Fwp%2Fv2%2Fmedia&parent=2474"}],"wp:term":[{"taxonomy":"category","embeddable":true,"href":"https:\/\/rajongo.lmvk.hu\/index.php?rest_route=%2Fwp%2Fv2%2Fcategories&post=2474"},{"taxonomy":"post_tag","embeddable":true,"href":"https:\/\/rajongo.lmvk.hu\/index.php?rest_route=%2Fwp%2Fv2%2Ftags&post=2474"}],"curies":[{"name":"wp","href":"https:\/\/api.w.org\/{rel}","templated":true}]}}