{"id":2405,"date":"1930-01-13T07:00:05","date_gmt":"1930-01-13T07:00:05","guid":{"rendered":"https:\/\/rajongo.lmvk.hu\/?p=2405"},"modified":"2020-05-20T07:00:57","modified_gmt":"2020-05-20T07:00:57","slug":"1930-01-13","status":"publish","type":"post","link":"https:\/\/rajongo.lmvk.hu\/?p=2405","title":{"rendered":"1930-01-13"},"content":{"rendered":"\n<p>Tegnap lettem \u00f6tven\u00e9ves &#8211; egy k\u00fcls\u0151s\u00e9geiben szerencs\u00e9s p\u00e1lya &#8211; \u00fagynevezett vil\u00e1gh\u00edr, h\u00e1rom vagy n\u00e9gy vil\u00e1gsiker, \u00e9s nincsen semmim! Ott \u00e1llok, ahol h\u00fasz\u00e9ves koromban, azzal a k\u00fcl\u00f6nbs\u00e9ggel, hogy akkor egy b\u00fatorozott szob\u00e1m volt, s most hat van, pazarl\u00f3 h\u00e1ztart\u00e1s, gondok. Mindig mondtam, hogy ez a p\u00e1lya \u00e9letvesz\u00e9lyes. Most kellett volna kezd\u0151dnie a sz\u00e9p \u00e9letnek, a biztons\u00e1gnak, az utaz\u00e1soknak, a kedv szerint val\u00f3 \u00edr\u00e1snak. Ehelyett napi gondok, s a sz\u00ednh\u00e1zigazgat\u00e1s \u00f6sszes kellemetlens\u00e9gei. Energi\u00e1t kell gy\u0171jtenem a munk\u00e1hoz, amit el kell v\u00e9geznem, mert m\u00e1s ments\u00e9g \u00fagy l\u00e1tszik nincs.<\/p>\n\n\n\n<p>Most megint a legteljesebb bizonytalans\u00e1g ak\u00f6r\u00fcl, hogy mit j\u00e1tsszunk. Ga\u00e1llal meg\u00e1llapodtunk valamennyire, de megint k\u00e9ts\u00e9g, hogy j\u00f3 lesz-e a darab, amiben fel akarjuk l\u00e9ptetni. Csortossal is t\u00e1rgyalunk&#8230;<\/p>\n\n\n\n<p>Azt hiszem, most v\u00e9gleg kider\u00fclt, hogy \u00e9n nem vagyok \u00fczleti aktivit\u00e1sra val\u00f3. \u00c9n csak k\u00e9pzelek ilyesmit. Akinek olyan rendetlen az \u00edr\u00f3asztala, mint az eny\u00e9m, az ne \u00e1lmodjon arr\u00f3l, hogy rendesen tud \u00fczletet vezetni, mert ahhoz a legkisebb dologban is abszol\u00fat pontoss\u00e1g kell, nem is besz\u00e9lve az id\u0151r\u0151l. Nekem az eg\u00e9sz l\u00e9nyem m\u00e1s. A sok elpocs\u00e9kolt id\u0151b\u0151l tal\u00e1n ki tudok hozni olykor egy-egy sz\u00edndarabot, ami nem olyan nagy munka, de ami igazgat\u00e1shoz, az ezer apr\u00f3 \u00fcgyint\u00e9z\u00e9shez kell, ahhoz nincs er\u0151m, pl\u00e1ne hacsak f\u00e9l sz\u00edvvel adom oda magamat. \u00c1ldolog, s olyan is az eredm\u00e9ny.<\/p>\n\n\n\n<p>Neh\u00e9z \u00f3r\u00e1k a <em>Naftalin<\/em> premierje miatt. H\u00e1t ez\u00e9rt igazgassak sz\u00ednh\u00e1zat, hogy a f\u0151szezonban egy r\u00e9gi boh\u00f3zatot j\u00e1tsszunk? Nek\u00fcnk musz\u00e1j valamit el\u00e9rni, k\u00fcl\u00f6nben cs\u00fafosan v\u00e9gezz\u00fck, s a buk\u00e1sunknak k\u00f6vetkezm\u00e9nyei lesznek. Igaz, hogy M\u00f3ricz a szezon elej\u00e9n cs\u00fany\u00e1n megbukott a <em>Sz\u00e9passzony kocsis\u00e1val<\/em> \u00e9s v\u00e9get j\u00f3soltak neki mint sz\u00ednm\u0171\u00edr\u00f3nak, erre r\u00e1 egy h\u00f3napra kolossz\u00e1lis sikere lett a <em>L\u00e9gy j\u00f3 mindhal\u00e1liggal.<\/em><\/p>\n\n\n\n<p>A <em>Naftalin<\/em> \u201et\u00f6rt\u00e9nelmi boh\u00f3zat\u201d, sokat nevet rajta a k\u00f6z\u00f6ns\u00e9g, de nem j\u00f6n be r\u00e1. N\u00e1lunk m\u00e9g nem volt az eg\u00e9sz \u00e9vben egyetlen telt h\u00e1z sem. M\u00e9gis csod\u00e1latos. A deficit n\u00f6vekedik &#8211; most megint siv\u00e1r hetek k\u00f6vetkeznek, a rossz szellemek uralkodnak ebben a kis h\u00e1zban, hogy nem tud megtelni &#8211; vagy mi nem adunk el\u00e9g j\u00f3t?<\/p>\n\n\n\n<p>Hogy az emberek k\u00e9pmutat\u00f3ak, kapzsik, hazugok &#8211; ne \u00edt\u00e9ld el \u0151ket &#8211; k\u00ednjukban teszik, nem j\u00f3kedvb\u0151l. Az \u00e9let \u00e9s \u00f6nfenntart\u00e1s rettenetes nyom\u00e1sa alatt \u00e1llnak.<\/p>\n\n\n\n<p>M\u00e1rton Miksa nyilatkozott: a szezon meg van mentve, el\u0151 kell adni a <em>Nap\u00f3leoni<\/em> \u00e9s a <em>Volt-nincse<\/em>t* \u00e9s 100 el\u0151ad\u00e1s lesz. El\u0151adjuk &#8211; mindkett\u0151 nagy k\u00fcls\u0151 siker k\u00f6z\u00f6tt megbukik.<\/p>\n\n\n\n<p>A <em>Nap\u00f3leon<\/em> buk\u00e1sa \u00e9rthetetlen. Mindny\u00e1jan hitt\u00fcnk benne, ez az ide\u00e1lis sz\u00edndarab!<\/p>\n\n\n\n<p>A <em>Volt-nincsben<\/em> egy\u00e1ltal\u00e1n nem b\u00edztam, de \u00f3ri\u00e1si k\u00f6z\u00f6ns\u00e9g-, s m\u00e9g nagyobb sajt\u00f3sikere volt. A <em>Pesti H\u00edrlap<\/em> a legragyog\u00f3bbat \u00edrta r\u00f3la. Ugyanakkor: semmi k\u00f6z\u00f6ns\u00e9g, a h\u00e1z el van \u00e1tkozva. A buk\u00e1s sz\u00e9l\u00e9n \u00e1llunk.*&nbsp; A <em>Volt-nincs<\/em> Andr\u00e9 Birabeau francia szerz\u0151 kom\u00e9di\u00e1ja (Heltai Jen\u0151 ford\u00edt\u00e1s\u00e1ban adta a Belv\u00e1rosi Sz\u00ednh\u00e1z 1930. febru\u00e1r 21-\u00e9n).<\/p>\n","protected":false},"excerpt":{"rendered":"<p>Tegnap lettem \u00f6tven\u00e9ves &#8211; egy k\u00fcls\u0151s\u00e9geiben szerencs\u00e9s p\u00e1lya &#8211; \u00fagynevezett vil\u00e1gh\u00edr, h\u00e1rom vagy n\u00e9gy vil\u00e1gsiker, \u00e9s nincsen semmim! Ott \u00e1llok, ahol h\u00fasz\u00e9ves koromban, azzal a [&hellip;]<\/p>\n","protected":false},"author":1,"featured_media":0,"comment_status":"open","ping_status":"open","sticky":false,"template":"","format":"standard","meta":{"novablocks_hero_scroll_indicator":false,"novablocks_hero_position_indicators":false},"categories":[1],"tags":[],"_links":{"self":[{"href":"https:\/\/rajongo.lmvk.hu\/index.php?rest_route=\/wp\/v2\/posts\/2405"}],"collection":[{"href":"https:\/\/rajongo.lmvk.hu\/index.php?rest_route=\/wp\/v2\/posts"}],"about":[{"href":"https:\/\/rajongo.lmvk.hu\/index.php?rest_route=\/wp\/v2\/types\/post"}],"author":[{"embeddable":true,"href":"https:\/\/rajongo.lmvk.hu\/index.php?rest_route=\/wp\/v2\/users\/1"}],"replies":[{"embeddable":true,"href":"https:\/\/rajongo.lmvk.hu\/index.php?rest_route=%2Fwp%2Fv2%2Fcomments&post=2405"}],"version-history":[{"count":1,"href":"https:\/\/rajongo.lmvk.hu\/index.php?rest_route=\/wp\/v2\/posts\/2405\/revisions"}],"predecessor-version":[{"id":2406,"href":"https:\/\/rajongo.lmvk.hu\/index.php?rest_route=\/wp\/v2\/posts\/2405\/revisions\/2406"}],"wp:attachment":[{"href":"https:\/\/rajongo.lmvk.hu\/index.php?rest_route=%2Fwp%2Fv2%2Fmedia&parent=2405"}],"wp:term":[{"taxonomy":"category","embeddable":true,"href":"https:\/\/rajongo.lmvk.hu\/index.php?rest_route=%2Fwp%2Fv2%2Fcategories&post=2405"},{"taxonomy":"post_tag","embeddable":true,"href":"https:\/\/rajongo.lmvk.hu\/index.php?rest_route=%2Fwp%2Fv2%2Ftags&post=2405"}],"curies":[{"name":"wp","href":"https:\/\/api.w.org\/{rel}","templated":true}]}}