{"id":2387,"date":"1929-12-09T14:05:00","date_gmt":"1929-12-09T14:05:00","guid":{"rendered":"https:\/\/rajongo.lmvk.hu\/?p=2387"},"modified":"2020-05-19T14:06:48","modified_gmt":"2020-05-19T14:06:48","slug":"1929-12-09","status":"publish","type":"post","link":"https:\/\/rajongo.lmvk.hu\/?p=2387","title":{"rendered":"1929-12-09"},"content":{"rendered":"\n<p>Ma csak a k\u00f6vetkez\u0151 dolgok t\u00f6rt\u00e9ntek: Honthy otthon maradt (k\u00e9t nappal a premier el\u0151tt). Este Kov\u00e1cs Teri epeg\u00f6rcs\u00f6t kapott 3\/4 8-kor, \u00fagyhogy a helyettes\u00edt\u00e9s\u00e9r\u0151l kellett volna gondoskodni, de m\u00e9gis jobban lett, s tudott j\u00e1tszani. Z. Moln\u00e1r bej\u00f6tt, hogy mi\u00e9rt nincs \u0151 is a hirdet\u00e9sben Somlay \u00e9s Honthy mellett, \u0151 is van olyan m\u0171v\u00e9sz! \u00c9n is vagyok olyan m\u0171v\u00e9sz, ord\u00edtottam r\u00e1, s nem az\u00e9rt vagyok itt, hogy hi\u00fa sz\u00edn\u00e9szek h\u00fclyes\u00e9geivel t\u00f6r\u0151djem.<\/p>\n\n\n\n<p>Minden m\u00e1sk\u00e9pp van, mint amint mondj\u00e1k! Ez tipikus- a Fodor*-darabot a V\u00edgsz\u00ednh\u00e1z az\u00e9rt adta vissza, mert nem akarta Gombasz\u00f6givel j\u00e1tszatni. Mi att\u00f3l f\u00e9lt\u00fcnk Gombasz\u00f6gi k\u00f6vetelni fogja a szerepet, s azon gondolkodtunk, hogyan lehetne \u0151t kij\u00e1tszani. Ma az a helyzet, hogy mivel m\u00e1s sz\u00edn\u00e9szn\u0151 nem is \u00e1ll rendelkez\u00e9s\u00fcnkre, k\u00f6ny\u00f6r\u00f6gn\u00fcnk kell Gomb\u00e1nak, hogy j\u00e1tssza el.<\/p>\n\n\n\n<p>F\u00f6ldi ma azt mondta a <em>Napl\u00f3<\/em>n\u00e1l,** azt hallotta, hogy janu\u00e1rban becsukunk.<\/p>\n\n\n\n<p>A sikertelens\u00e9g destru\u00e1l, ez\u00e9rt ilyen a hangulat. Sz\u00ednh\u00e1zat igazgatni nem val\u00f3 akt\u00edv \u00edr\u00f3nak. Sz\u00edn\u00e9sz vagy dilett\u00e1ns kell hozz\u00e1, vagy egy egyszer\u0171 \u00fczletember. \u00c9n m\u00e1r sz\u00f6rnyen unom Csupa h\u00fclye elfoglalts\u00e1g. Milyen m\u00e1s az \u00edr\u00f3, aki csendesen le\u00fclhet \u00edr\u00f3asztal\u00e1hoz, s ki\u00e9p\u00edtheti k\u00fcl\u00f6n vil\u00e1g\u00e1t!<\/p>\n\n\n\n<p>* <em>A szerelem nem olyan egyszer\u0171<\/em><\/p>\n\n\n\n<p><em>** a Pesti Napl\u00f3<\/em><\/p>\n","protected":false},"excerpt":{"rendered":"<p>Ma csak a k\u00f6vetkez\u0151 dolgok t\u00f6rt\u00e9ntek: Honthy otthon maradt (k\u00e9t nappal a premier el\u0151tt). Este Kov\u00e1cs Teri epeg\u00f6rcs\u00f6t kapott 3\/4 8-kor, \u00fagyhogy a helyettes\u00edt\u00e9s\u00e9r\u0151l kellett [&hellip;]<\/p>\n","protected":false},"author":1,"featured_media":0,"comment_status":"open","ping_status":"open","sticky":false,"template":"","format":"standard","meta":{"novablocks_hero_scroll_indicator":false,"novablocks_hero_position_indicators":false},"categories":[1],"tags":[],"_links":{"self":[{"href":"https:\/\/rajongo.lmvk.hu\/index.php?rest_route=\/wp\/v2\/posts\/2387"}],"collection":[{"href":"https:\/\/rajongo.lmvk.hu\/index.php?rest_route=\/wp\/v2\/posts"}],"about":[{"href":"https:\/\/rajongo.lmvk.hu\/index.php?rest_route=\/wp\/v2\/types\/post"}],"author":[{"embeddable":true,"href":"https:\/\/rajongo.lmvk.hu\/index.php?rest_route=\/wp\/v2\/users\/1"}],"replies":[{"embeddable":true,"href":"https:\/\/rajongo.lmvk.hu\/index.php?rest_route=%2Fwp%2Fv2%2Fcomments&post=2387"}],"version-history":[{"count":1,"href":"https:\/\/rajongo.lmvk.hu\/index.php?rest_route=\/wp\/v2\/posts\/2387\/revisions"}],"predecessor-version":[{"id":2388,"href":"https:\/\/rajongo.lmvk.hu\/index.php?rest_route=\/wp\/v2\/posts\/2387\/revisions\/2388"}],"wp:attachment":[{"href":"https:\/\/rajongo.lmvk.hu\/index.php?rest_route=%2Fwp%2Fv2%2Fmedia&parent=2387"}],"wp:term":[{"taxonomy":"category","embeddable":true,"href":"https:\/\/rajongo.lmvk.hu\/index.php?rest_route=%2Fwp%2Fv2%2Fcategories&post=2387"},{"taxonomy":"post_tag","embeddable":true,"href":"https:\/\/rajongo.lmvk.hu\/index.php?rest_route=%2Fwp%2Fv2%2Ftags&post=2387"}],"curies":[{"name":"wp","href":"https:\/\/api.w.org\/{rel}","templated":true}]}}