{"id":2373,"date":"1929-11-28T10:02:30","date_gmt":"1929-11-28T10:02:30","guid":{"rendered":"https:\/\/rajongo.lmvk.hu\/?p=2373"},"modified":"2020-05-19T10:04:27","modified_gmt":"2020-05-19T10:04:27","slug":"1929-11-28","status":"publish","type":"post","link":"https:\/\/rajongo.lmvk.hu\/?p=2373","title":{"rendered":"1929-11-28"},"content":{"rendered":"\n<p>A gy\u00e1r-\u00fcgy. reklam\u00e1lnak fiatalokat, ezt el\u0151 kellett adni. lutcl i- gens \u00f6sszevon\u00e1sa modern mot\u00edvumoknak, szcenikai lehet\u0151s\u00e9gek kipr\u00f3b\u00e1l\u00e1sa. Azt gondoltuk, a becs\u00fclet megmenthet\u0151. Nem is volt m\u00e1s darabunk.<br>Gyan\u00fas a szerz\u0151, aki a vil\u00e1gon minden v\u00e1ltoztat\u00e1sba belemegy. Nem farkas, hanem b\u00e1r\u00e1ny. De gyan\u00fas az a m\u0171 is, amelyben minden v\u00e1ltoztat\u00e1s lehets\u00e9ges. A f\u0151pr\u00f3b\u00e1ig nem tudtuk eld\u00f6nteni, hogy a h\u0151sn\u0151 \u00e9letben maradjon-e vagy meghaljon, ami pedig nem mindegy. Heltai, aki pedig csupa g\u00e1ncs \u00e9s akad\u00e9koskod\u00e1s, rendk\u00edv\u00fcli h\u00edve a darabnak.<br>Somlay rendezte a mi k\u00e9nyelemszeretet\u00fcnkb\u0151l, s mert kis Br\u00f3dynak ilyesmihez nincs fant\u00e1zi\u00e1ja. De egy sz\u00edn\u00e9sz-rendez\u0151 borzaszt\u00f3, mert minden sz\u00edn\u00e9sznek v\u00e9geredm\u00e9nyben ellenszenvei \u00e9s rokonszenvei vannak sz\u00edn\u00e9szt\u00e1rsaival szemben. Amellett Somlayval nem lehet besz\u00e9lni. Sz\u00f3 szerint odadobtuk h\u00e1t neki az eg\u00e9szet. El\u00e9g \u00fcgyesen megcsin\u00e1lta a technikai v\u00e1ltoz\u00e1sokat. A szerz\u0151 \u00edrt \u00e9s izzadt, folyton \u00e1t\u00edrt, meg kell adni, amit este kiadtunk neki, azt reggelre megcsin\u00e1lta. A darab legfontosabb jelenetei a h\u00e1zi f\u0151pr\u00f3b\u00e1n \u00edr\u00f3dtak bele. Heltai elragadtatva n\u00e9zte. \u00c9n tele voltam k\u00e9ts\u00e9ggel.<br>Rettenetes f\u0151pr\u00f3ba. Ez az, ami nem kell a pesti k\u00f6z\u00f6ns\u00e9gnek. Amibe nem megy bele. Amin viccel. Ritk\u00e1n \u00e9reztem sz\u00ednh\u00e1zban ilyen viharteljes hangulatot, csak n\u00e9h\u00e1ny pillanat v\u00e1lasztott el att\u00f3l, hogy a botr\u00e1ny kit\u00f6rj\u00f6n. A v\u00e9g\u00e9n be kellett l\u00e1tni, m\u00e9g Heltainak is, hogy sz\u00f6rnyen megbuktunk. A buk\u00e1s hozz\u00e1tartozik a sz\u00ednh\u00e1zhoz. De ez nem olyan buk\u00e1s volt, ami\u00e9rt \u00e9n felel\u0151ss\u00e9get tudtam volna v\u00e1llalni. Itt nem volt olyan aranyfedezet, amire t\u00e1maszkodni lehetett volna, ezert volt les\u00fajt\u00f3 a dolog. S megrend\u00edt\u0151 volt anyagilag is. Ha \u00edgy megy, december 10-ig kifogyunk minden p\u00e9nzb\u0151l. Azon tan\u00e1cskozunk, nem volna-e jobb, ha visszavonn\u00e1nk a darabot s a premiert meg sem tartan\u00e1nk.<br>Somlay \u2013 s ez a legnagyobb diszn\u00f3s\u00e1g- &#8211; nem j\u00f6tt be a jav\u00edt\u00f3 pr\u00f3b\u00e1ra, \u00e1ll\u00edt\u00f3lag \u00e1gyban fekszik.<br>A szerz\u0151 is beteg lett, este \u00e1gyban fek\u00fcdt magas l\u00e1zzal. \u00d6ccse a d\u00edszlettervez\u0151, kedves fiatal fi\u00fa, a f\u0151pr\u00f3ba ut\u00e1n hangosan zokogott az utc\u00e1n. Meglehet\u0151sen k\u00f6z\u00f6mb\u00f6sen n\u00e9ztem az eg\u00e9szet.<br>D\u00e9lben jav\u00edt\u00f3 pr\u00f3ba, mely nagyon bajos, mert f\u00e9lni lehet, hogy az eg\u00e9sz appar\u00e1tus \u00f6sszeomlik est\u00e9re.<br>Heltai kis besz\u00e9det tartott a tags\u00e1g el\u0151tt, bevallotta, hogy megbuktunk, de k\u00e9rte, ne vesz\u00edts\u00fck el a b\u00e1tors\u00e1got<br>Este a premier sokkal jobb volt mint a f\u0151pr\u00f3ba s nagy k\u00fcls\u0151 siker, igen j\u00f3l hallgatt\u00e1k az eg\u00e9szet, csak a v\u00e9ge romlott el mikor vil\u00e1g\u00edt\u00e1si zavarok is voltak, \u00e9s a k\u00f6z\u00f6ns\u00e9g \u00fclve marad, k\u00fcl\u00f6nben meg\u00fasztok. A kritika sem olyan rettenetes.<br>Persze, vas\u00e1rnapra semmi el\u0151v\u00e9tel.<br>Tegnap este m\u00e9gis nagy bev\u00e9tel. De csal\u00f3nak \u00e9reztem kiss\u00e9 magamat\u2019 aki a k\u00f6z\u00f6ns\u00e9g zseb\u00e9b\u0151l kilopja a p\u00e9nzt Amikor a sz\u00ednh\u00e1zhoz j\u00f6ttem, az volt az elvem: annyit adni legal\u00e1bb ha nem t\u00f6bbet, mint amennyit befizetnek. Rettent\u0151en kell vigy\u00e1zni a sz\u00ednh\u00e1zban, mert mindennek \u00f3ri\u00e1si k\u00f6vetkezm\u00e9nyei vannak V\u00e9gre egy kicsit magunkhoz \u00e9desgett\u00fck a k\u00f6z\u00f6ns\u00e9get s erre megint elriasztjuk \u0151ket egy ilyen premierrel.<\/p>\n","protected":false},"excerpt":{"rendered":"<p>A gy\u00e1r-\u00fcgy. reklam\u00e1lnak fiatalokat, ezt el\u0151 kellett adni. lutcl i- gens \u00f6sszevon\u00e1sa modern mot\u00edvumoknak, szcenikai lehet\u0151s\u00e9gek kipr\u00f3b\u00e1l\u00e1sa. Azt gondoltuk, a becs\u00fclet megmenthet\u0151. Nem is volt [&hellip;]<\/p>\n","protected":false},"author":1,"featured_media":0,"comment_status":"open","ping_status":"open","sticky":false,"template":"","format":"standard","meta":{"novablocks_hero_scroll_indicator":false,"novablocks_hero_position_indicators":false},"categories":[1],"tags":[],"_links":{"self":[{"href":"https:\/\/rajongo.lmvk.hu\/index.php?rest_route=\/wp\/v2\/posts\/2373"}],"collection":[{"href":"https:\/\/rajongo.lmvk.hu\/index.php?rest_route=\/wp\/v2\/posts"}],"about":[{"href":"https:\/\/rajongo.lmvk.hu\/index.php?rest_route=\/wp\/v2\/types\/post"}],"author":[{"embeddable":true,"href":"https:\/\/rajongo.lmvk.hu\/index.php?rest_route=\/wp\/v2\/users\/1"}],"replies":[{"embeddable":true,"href":"https:\/\/rajongo.lmvk.hu\/index.php?rest_route=%2Fwp%2Fv2%2Fcomments&post=2373"}],"version-history":[{"count":1,"href":"https:\/\/rajongo.lmvk.hu\/index.php?rest_route=\/wp\/v2\/posts\/2373\/revisions"}],"predecessor-version":[{"id":2374,"href":"https:\/\/rajongo.lmvk.hu\/index.php?rest_route=\/wp\/v2\/posts\/2373\/revisions\/2374"}],"wp:attachment":[{"href":"https:\/\/rajongo.lmvk.hu\/index.php?rest_route=%2Fwp%2Fv2%2Fmedia&parent=2373"}],"wp:term":[{"taxonomy":"category","embeddable":true,"href":"https:\/\/rajongo.lmvk.hu\/index.php?rest_route=%2Fwp%2Fv2%2Fcategories&post=2373"},{"taxonomy":"post_tag","embeddable":true,"href":"https:\/\/rajongo.lmvk.hu\/index.php?rest_route=%2Fwp%2Fv2%2Ftags&post=2373"}],"curies":[{"name":"wp","href":"https:\/\/api.w.org\/{rel}","templated":true}]}}