{"id":2359,"date":"1929-08-19T09:20:00","date_gmt":"1929-08-19T09:20:00","guid":{"rendered":"https:\/\/rajongo.lmvk.hu\/?p=2359"},"modified":"2020-05-19T09:20:54","modified_gmt":"2020-05-19T09:20:54","slug":"1929-08-19","status":"publish","type":"post","link":"https:\/\/rajongo.lmvk.hu\/?p=2359","title":{"rendered":"1929-08-19"},"content":{"rendered":"\n<p>Elemi csap\u00e1sok napja. Leszakadt a plafon, a pinc\u00e9ben cs\u0151t\u00f6r\u00e9s, el\u00f6nt\u00f6tte a d\u00edszleteket az \u00e1rv\u00edz. \u00c9rz\u00e9keny szerz\u0151k! Lakatos, akinek tudom\u00e1sara adtuk, hogy elfogadjuk a darabj\u00e1t, k\u00e9ts\u00e9gbeesetten s s\u00e9rt\u0151d\u00f6tten k\u00e9ri vissza a k\u00e9ziratot, mert nem megfelel\u0151 form\u00e1ban adtuk tudt\u00e1ra, ahogy \u0151 szerette volna, nem kit\u00f6r\u0151 \u00f6r\u00f6mki\u00e1lt\u00e1sokkal. Ezt is meg kell tanulni.<\/p>\n\n\n\n<p>K\u00e1d\u00e1rnak sem el\u00e9g, hogy azt mondjuk el\u0151 akarjuk adni a darabj\u00e1t, \u00f6mleng\u0151 elismer\u00e9sekre szomjaz, s az egyszer\u0171 k\u00f6zl\u00e9s m\u00f6g\u00f6tt valami ravaszs\u00e1got szimatol.<\/p>\n\n\n\n<p>Heltai: a szerz\u0151 k\u00e9t esetben lesz d\u00fch\u00f6s a sz\u00ednh\u00e1zra: ha el\u0151adj\u00e1k a darabj\u00e1t, \u00e9s ha nem adj\u00e1k el\u0151.<\/p>\n\n\n\n<p>Sz\u00e9p titokzatosan k\u00f6zli, mint bar\u00e1t, hogy a legnagyobb d\u00fchvel, k\u00e1r\u00f6r\u00f6mmel v\u00e1rj\u00e1k, mi lesz vel\u00fcnk. ( <em>\u00dajs\u00e1g <\/em>szerkeszt\u0151s\u00e9ge.)<\/p>\n\n\n\n<p>El\u0151re kifog\u00e1solj\u00e1k, hogy a saj\u00e1t darabommal nyitok, Rad\u00f3 M\u00e1ri\u00e1t\u00f3l nem sokat v\u00e1rnak stb. B\u00e1rmilyen k\u00fcl\u00f6n\u00f6s, \u00e9pp a szakmabeliek betegek arra a gondolatra, hogy esetleg siker\u00fcnk lehet.<\/p>\n\n\n\n<p>Z. Moln\u00e1r k\u00e9ts\u00e9gbeesetten j\u00e1rk\u00e1l: att\u00f3l f\u00e9l, visszavessz\u00fck t\u0151le a szerepet. Jobb lett volna nem v\u00e1llalni az eg\u00e9szet, most nyugodtan \u00edrhatn\u00e1m a k\u00ednai darabot.*&nbsp; F\u00e9lek, meg\u00e1rtott a sok izgalom, att\u00f3l tartok cukorbajt kaptam. K\u00e9ts\u00e9gbeesett vagyok a mag\u00e1nos lak\u00e1sban.*<em>A k\u00ednai l\u00e1ny<\/em> c\u00edm\u0171 darabr\u00f3l van sz\u00f3.<\/p>\n","protected":false},"excerpt":{"rendered":"<p>Elemi csap\u00e1sok napja. Leszakadt a plafon, a pinc\u00e9ben cs\u0151t\u00f6r\u00e9s, el\u00f6nt\u00f6tte a d\u00edszleteket az \u00e1rv\u00edz. \u00c9rz\u00e9keny szerz\u0151k! Lakatos, akinek tudom\u00e1sara adtuk, hogy elfogadjuk a darabj\u00e1t, k\u00e9ts\u00e9gbeesetten [&hellip;]<\/p>\n","protected":false},"author":1,"featured_media":0,"comment_status":"open","ping_status":"open","sticky":false,"template":"","format":"standard","meta":{"novablocks_hero_scroll_indicator":false,"novablocks_hero_position_indicators":false},"categories":[1],"tags":[],"_links":{"self":[{"href":"https:\/\/rajongo.lmvk.hu\/index.php?rest_route=\/wp\/v2\/posts\/2359"}],"collection":[{"href":"https:\/\/rajongo.lmvk.hu\/index.php?rest_route=\/wp\/v2\/posts"}],"about":[{"href":"https:\/\/rajongo.lmvk.hu\/index.php?rest_route=\/wp\/v2\/types\/post"}],"author":[{"embeddable":true,"href":"https:\/\/rajongo.lmvk.hu\/index.php?rest_route=\/wp\/v2\/users\/1"}],"replies":[{"embeddable":true,"href":"https:\/\/rajongo.lmvk.hu\/index.php?rest_route=%2Fwp%2Fv2%2Fcomments&post=2359"}],"version-history":[{"count":1,"href":"https:\/\/rajongo.lmvk.hu\/index.php?rest_route=\/wp\/v2\/posts\/2359\/revisions"}],"predecessor-version":[{"id":2360,"href":"https:\/\/rajongo.lmvk.hu\/index.php?rest_route=\/wp\/v2\/posts\/2359\/revisions\/2360"}],"wp:attachment":[{"href":"https:\/\/rajongo.lmvk.hu\/index.php?rest_route=%2Fwp%2Fv2%2Fmedia&parent=2359"}],"wp:term":[{"taxonomy":"category","embeddable":true,"href":"https:\/\/rajongo.lmvk.hu\/index.php?rest_route=%2Fwp%2Fv2%2Fcategories&post=2359"},{"taxonomy":"post_tag","embeddable":true,"href":"https:\/\/rajongo.lmvk.hu\/index.php?rest_route=%2Fwp%2Fv2%2Ftags&post=2359"}],"curies":[{"name":"wp","href":"https:\/\/api.w.org\/{rel}","templated":true}]}}