{"id":2353,"date":"1929-09-12T09:15:00","date_gmt":"1929-09-12T09:15:00","guid":{"rendered":"https:\/\/rajongo.lmvk.hu\/?p=2353"},"modified":"2020-05-19T09:16:44","modified_gmt":"2020-05-19T09:16:44","slug":"1929-09-12","status":"publish","type":"post","link":"https:\/\/rajongo.lmvk.hu\/?p=2353","title":{"rendered":"1929-09-12"},"content":{"rendered":"\n<p>Olvas\u00f3pr\u00f3ba. Heltai kis besz\u00e9det tart. A t\u00e1rsulat lelkes. Karinthy elviselhetetlen\u00fcl egocentrikus, elbizakodott, asszonyos, zsarnoki term\u00e9szet, r\u00f6gt\u00f6n kisaj\u00e1t\u00edt mindent. D\u00e9lut\u00e1n besz\u00e9lget\u00e9s vele a Hull\u00e1mban, bevallja, hogy a feles\u00e9ge miatt ideges: nem kell neki t\u00f6bb\u00e9 &#8211; oly orden\u00e1r\u00e9an k\u00edn\u00e1lta mag\u00e1t mindenkinek, hogy elvesztette hozz\u00e1 a kedv\u00e9t.* A n\u0151, b\u00e1rmily k\u00fcl\u00f6n\u00f6s, becs\u00fclet\u00e9ben t\u00e1madta, mely szorosabban hozz\u00e1tartozik egy \u00edr\u00f3i l\u00e9nyhez, mint egy civilhez, s ezt elut\u00e1lta. F\u00e9l 11-kor elmentem a Nemzeti Sz\u00ednh\u00e1zba Rad\u00f3 szerz\u0151dtet\u00e9si \u00fcgy\u00e9ben, m\u00e1sf\u00e9l \u00f3ra alatt kezemben volt a hivatalos okm\u00e1ny, hogy szabads\u00e1golj\u00e1k a Nemzetib\u0151l. Nincs b\u00fcrokratizmus. Dupla t\u00e1rgyal\u00e1s Hevesivel Rad\u00f3 szabads\u00e1gol\u00e1s\u00e1r\u00f3l, ami t\u0151le f\u00fcgg\u00f6tt, s <em>Az \u00f6rd\u00f6g cimbor\u00e1ja<\/em>** el\u0151ad\u00e1s\u00e1t\u00f3l. Mindez udvariasan, \u0151szint\u00e9n, majdnem ny\u00edltan.<\/p>\n\n\n\n<p>Visszaj\u00f6ttem. Olvas\u00f3pr\u00f3ba tetszett. Karinthy \u00e9s az \u00e9n v\u00e9lem\u00e9nyem szerint dupla szereposzt\u00e1s kell, amit Heltai, Br\u00f3dy ellenez. Habozom. Karinthy \u00e9rdekes konfliktusa Heltaival. (K\u00e9t humorista.) Este \u00dajpesten megn\u00e9zt\u00fcnk egy sz\u00edn\u00e9szt, nem j\u00f3. Sz\u00f6rny\u0171 meleg.<\/p>\n\n\n\n<p>* Karinthy Frigyes m\u00e1sodik feles\u00e9g\u00e9r\u0151l, B\u00f6hm Arank\u00e1r\u00f3l van sz\u00f3.<\/p>\n\n\n\n<p>** G. B. Shaw darabja.<\/p>\n","protected":false},"excerpt":{"rendered":"<p>Olvas\u00f3pr\u00f3ba. Heltai kis besz\u00e9det tart. A t\u00e1rsulat lelkes. Karinthy elviselhetetlen\u00fcl egocentrikus, elbizakodott, asszonyos, zsarnoki term\u00e9szet, r\u00f6gt\u00f6n kisaj\u00e1t\u00edt mindent. D\u00e9lut\u00e1n besz\u00e9lget\u00e9s vele a Hull\u00e1mban, bevallja, hogy [&hellip;]<\/p>\n","protected":false},"author":1,"featured_media":0,"comment_status":"open","ping_status":"open","sticky":false,"template":"","format":"standard","meta":{"novablocks_hero_scroll_indicator":false,"novablocks_hero_position_indicators":false},"categories":[1],"tags":[],"_links":{"self":[{"href":"https:\/\/rajongo.lmvk.hu\/index.php?rest_route=\/wp\/v2\/posts\/2353"}],"collection":[{"href":"https:\/\/rajongo.lmvk.hu\/index.php?rest_route=\/wp\/v2\/posts"}],"about":[{"href":"https:\/\/rajongo.lmvk.hu\/index.php?rest_route=\/wp\/v2\/types\/post"}],"author":[{"embeddable":true,"href":"https:\/\/rajongo.lmvk.hu\/index.php?rest_route=\/wp\/v2\/users\/1"}],"replies":[{"embeddable":true,"href":"https:\/\/rajongo.lmvk.hu\/index.php?rest_route=%2Fwp%2Fv2%2Fcomments&post=2353"}],"version-history":[{"count":1,"href":"https:\/\/rajongo.lmvk.hu\/index.php?rest_route=\/wp\/v2\/posts\/2353\/revisions"}],"predecessor-version":[{"id":2354,"href":"https:\/\/rajongo.lmvk.hu\/index.php?rest_route=\/wp\/v2\/posts\/2353\/revisions\/2354"}],"wp:attachment":[{"href":"https:\/\/rajongo.lmvk.hu\/index.php?rest_route=%2Fwp%2Fv2%2Fmedia&parent=2353"}],"wp:term":[{"taxonomy":"category","embeddable":true,"href":"https:\/\/rajongo.lmvk.hu\/index.php?rest_route=%2Fwp%2Fv2%2Fcategories&post=2353"},{"taxonomy":"post_tag","embeddable":true,"href":"https:\/\/rajongo.lmvk.hu\/index.php?rest_route=%2Fwp%2Fv2%2Ftags&post=2353"}],"curies":[{"name":"wp","href":"https:\/\/api.w.org\/{rel}","templated":true}]}}