{"id":2347,"date":"1925-09-25T09:10:00","date_gmt":"1925-09-25T09:10:00","guid":{"rendered":"https:\/\/rajongo.lmvk.hu\/?p=2347"},"modified":"2020-05-19T09:11:55","modified_gmt":"2020-05-19T09:11:55","slug":"1925-09-25","status":"publish","type":"post","link":"https:\/\/rajongo.lmvk.hu\/?p=2347","title":{"rendered":"1925-09-25"},"content":{"rendered":"\n<p>Antonia-t\u00f6rt\u00e9net. Egyre er\u0151s\u00f6dik, hogy Rambeau nem tud &#8211; nem k\u00e9pes j\u00e1tszani. Patologikus. S felt\u0171nt a rosszull\u00e9t, mikor tavaly Midlleton darabja k\u00f6zben le kellett ereszteni a f\u00fcgg\u00f6nyt. V\u00e9gre szeptember 30-\u00e1n tiltakoztunk, s Miller beleegyezett. Iszony\u00fa neh\u00e9z este, mert borzaszt\u00f3, mikor a szerz\u0151 meg\u00f6l egy el\u0151ad\u00e1st &#8211; nemcsak Rambeau-ra gondoltam, akinek a karrierje ezzel v\u00e9ge szakad hanem a j\u00f3 el\u0151ad\u00e1sra, a kedves sz\u00edn\u00e9szekre. De v\u00e9ge van, nem lesz el\u0151ad\u00e1s. Erre d\u00e9lel\u0151tt j\u00f6n a port\u00e1s a koffer\u00e9rt. Megtudjuk, m\u00e9gis megtartj\u00e1k az el\u0151ad\u00e1st. Nem mentem Eastonba*. Borzaszt\u00f3, hogy miken m\u00falik egy darab sorsa! Egy r\u00e9szeg n\u0151n! &#8211; esetleg. \u00daj kombin\u00e1ci\u00f3k. Pesten az ilyesmi v\u00e9gleg let\u00f6rne, de itt, mivel r\u00f6gt\u00f6n ezer \u00faj terv, kombin\u00e1ci\u00f3 mer\u00fcl fel &#8211; nem olyan neh\u00e9z.<\/p>\n\n\n\n<p>Ezen a h\u00e9ten 14 bemutat\u00f3 van New Yorkban &#8211; \u00e9s a darabok kint a v\u00e1ros k\u00f6r\u00fcl v\u00e1rj\u00e1k, hogy be\u00f6z\u00f6n\u00f6ljenek. \u00d3ri\u00e1si megfesz\u00edtett munka. Ma d\u00e9lut\u00e1n itthon \u00fcl\u00f6k Philadelphi\u00e1ban. Az <em>Ant\u00f3nia<\/em> bemutat\u00f3ja. Nem mentem el, mert ideges vagyok, de azt\u00e1n enyh\u00fclt az idegess\u00e9gem.<\/p>\n\n\n\n<p>* Kisv\u00e1ros Pennsylvani\u00e1ban, ahol a darab el\u0151premierj\u00e9t tartott\u00e1k.<\/p>\n","protected":false},"excerpt":{"rendered":"<p>Antonia-t\u00f6rt\u00e9net. Egyre er\u0151s\u00f6dik, hogy Rambeau nem tud &#8211; nem k\u00e9pes j\u00e1tszani. Patologikus. S felt\u0171nt a rosszull\u00e9t, mikor tavaly Midlleton darabja k\u00f6zben le kellett ereszteni a [&hellip;]<\/p>\n","protected":false},"author":1,"featured_media":0,"comment_status":"open","ping_status":"open","sticky":false,"template":"","format":"standard","meta":{"novablocks_hero_scroll_indicator":false,"novablocks_hero_position_indicators":false},"categories":[1],"tags":[],"_links":{"self":[{"href":"https:\/\/rajongo.lmvk.hu\/index.php?rest_route=\/wp\/v2\/posts\/2347"}],"collection":[{"href":"https:\/\/rajongo.lmvk.hu\/index.php?rest_route=\/wp\/v2\/posts"}],"about":[{"href":"https:\/\/rajongo.lmvk.hu\/index.php?rest_route=\/wp\/v2\/types\/post"}],"author":[{"embeddable":true,"href":"https:\/\/rajongo.lmvk.hu\/index.php?rest_route=\/wp\/v2\/users\/1"}],"replies":[{"embeddable":true,"href":"https:\/\/rajongo.lmvk.hu\/index.php?rest_route=%2Fwp%2Fv2%2Fcomments&post=2347"}],"version-history":[{"count":1,"href":"https:\/\/rajongo.lmvk.hu\/index.php?rest_route=\/wp\/v2\/posts\/2347\/revisions"}],"predecessor-version":[{"id":2348,"href":"https:\/\/rajongo.lmvk.hu\/index.php?rest_route=\/wp\/v2\/posts\/2347\/revisions\/2348"}],"wp:attachment":[{"href":"https:\/\/rajongo.lmvk.hu\/index.php?rest_route=%2Fwp%2Fv2%2Fmedia&parent=2347"}],"wp:term":[{"taxonomy":"category","embeddable":true,"href":"https:\/\/rajongo.lmvk.hu\/index.php?rest_route=%2Fwp%2Fv2%2Fcategories&post=2347"},{"taxonomy":"post_tag","embeddable":true,"href":"https:\/\/rajongo.lmvk.hu\/index.php?rest_route=%2Fwp%2Fv2%2Ftags&post=2347"}],"curies":[{"name":"wp","href":"https:\/\/api.w.org\/{rel}","templated":true}]}}