{"id":2327,"date":"1924-08-24T08:56:34","date_gmt":"1924-08-24T08:56:34","guid":{"rendered":"https:\/\/rajongo.lmvk.hu\/?p=2327"},"modified":"2020-05-19T08:57:16","modified_gmt":"2020-05-19T08:57:16","slug":"1924-08-24-2","status":"publish","type":"post","link":"https:\/\/rajongo.lmvk.hu\/?p=2327","title":{"rendered":"1924-08-24"},"content":{"rendered":"\n<p>Br\u00f3dy temet\u00e9s\u00e9n. Semmi meghatotts\u00e1g. A temet\u00e9s reformja. Nagyon hozz\u00e1j\u00e1rul az \u00e9lethez. Lusta vagyok, hogy mindent le\u00edrjak &#8211; embereket, akik, m\u00edg a t\u00f6bbi besz\u00e9de tartott &#8211; politik\u00e1r\u00f3l, irodalomr\u00f3l besz\u00e9lgettek. A temet\u00e9s nagyon j\u00f3 alkalom r\u00e9g nem l\u00e1tott bar\u00e1tok tal\u00e1lkoz\u00e1s\u00e1hoz &#8211; Feleky, Kr\u00fady, sz\u00e9p magas, hajlott alakj\u00e1val, mint egy magyar ny\u00e1rfa. Szomory, aki igaz\u00e1n siratta, s \u0151 maga, a halott, aki kiment az \u00e9letb\u0151l, m\u00e1r nem tartozott hozz\u00e1. Akivel egy nagy vil\u00e1g vonult el, b\u00e1r az \u00e9let nagy cirkusz, ezt vil\u00e1gosan \u00e9reztem, az ember ne tartsa mag\u00e1t a vil\u00e1g k\u00f6zep\u00e9nek (holott az!), hanem tudja objektiven elgondolni, s belenyugodni abba, hogy ez az \u00d6r\u00f6k Rend, melyen v\u00e1ltoztatni nem lehet. Br\u00f3dy k\u00f6nny\u0171 egoizmus\u00e1ban ezt nem akarta, s ez az akarat tartotta \u00e9letben az utols\u00f3 \u00f6t \u00e9vben. Nem akart meghalni<\/p>\n\n\n\n<p>&#8211; &nbsp; &nbsp; &nbsp; &nbsp; &nbsp; &nbsp; &nbsp; &nbsp; &nbsp; &nbsp; v\u00e1rta a nagy csod\u00e1t &#8211; a menek\u00fcl\u00e9st el\u0151le. De \u0151, aki mindent oly tal\u00e1l\u00f3an \u00e9s \u00e9lesen meggondolt, \u0151, aki negyven\u00e9ves kor\u00e1ban \u00f6ngyilkos volt &#8211; ezen nem tudta t\u00faltenni mag\u00e1t.<\/p>\n\n\n\n<p>&nbsp;(ol.) zsoldosvez\u00e9r<\/p>\n","protected":false},"excerpt":{"rendered":"<p>Br\u00f3dy temet\u00e9s\u00e9n. Semmi meghatotts\u00e1g. A temet\u00e9s reformja. Nagyon hozz\u00e1j\u00e1rul az \u00e9lethez. Lusta vagyok, hogy mindent le\u00edrjak &#8211; embereket, akik, m\u00edg a t\u00f6bbi besz\u00e9de tartott &#8211; [&hellip;]<\/p>\n","protected":false},"author":1,"featured_media":0,"comment_status":"open","ping_status":"open","sticky":false,"template":"","format":"standard","meta":{"novablocks_hero_scroll_indicator":false,"novablocks_hero_position_indicators":false},"categories":[1],"tags":[],"_links":{"self":[{"href":"https:\/\/rajongo.lmvk.hu\/index.php?rest_route=\/wp\/v2\/posts\/2327"}],"collection":[{"href":"https:\/\/rajongo.lmvk.hu\/index.php?rest_route=\/wp\/v2\/posts"}],"about":[{"href":"https:\/\/rajongo.lmvk.hu\/index.php?rest_route=\/wp\/v2\/types\/post"}],"author":[{"embeddable":true,"href":"https:\/\/rajongo.lmvk.hu\/index.php?rest_route=\/wp\/v2\/users\/1"}],"replies":[{"embeddable":true,"href":"https:\/\/rajongo.lmvk.hu\/index.php?rest_route=%2Fwp%2Fv2%2Fcomments&post=2327"}],"version-history":[{"count":1,"href":"https:\/\/rajongo.lmvk.hu\/index.php?rest_route=\/wp\/v2\/posts\/2327\/revisions"}],"predecessor-version":[{"id":2328,"href":"https:\/\/rajongo.lmvk.hu\/index.php?rest_route=\/wp\/v2\/posts\/2327\/revisions\/2328"}],"wp:attachment":[{"href":"https:\/\/rajongo.lmvk.hu\/index.php?rest_route=%2Fwp%2Fv2%2Fmedia&parent=2327"}],"wp:term":[{"taxonomy":"category","embeddable":true,"href":"https:\/\/rajongo.lmvk.hu\/index.php?rest_route=%2Fwp%2Fv2%2Fcategories&post=2327"},{"taxonomy":"post_tag","embeddable":true,"href":"https:\/\/rajongo.lmvk.hu\/index.php?rest_route=%2Fwp%2Fv2%2Ftags&post=2327"}],"curies":[{"name":"wp","href":"https:\/\/api.w.org\/{rel}","templated":true}]}}