{"id":2309,"date":"1923-01-17T08:47:44","date_gmt":"1923-01-17T08:47:44","guid":{"rendered":"https:\/\/rajongo.lmvk.hu\/?p=2309"},"modified":"2020-05-19T08:48:47","modified_gmt":"2020-05-19T08:48:47","slug":"1923-01-17","status":"publish","type":"post","link":"https:\/\/rajongo.lmvk.hu\/?p=2309","title":{"rendered":"1923-01-17"},"content":{"rendered":"\n<p>K\u00edn\u00e1ban megjelenik a k\u00ednai kalend\u00e1rium 6 milli\u00f3 p\u00e9ld\u00e1nyban; k\u00f6r\u00fclbel\u00fcl a legt\u00f6bb, amit nyomtatott k\u00f6nyv el\u00e9rt, s ez is m\u00e9g kev\u00e9s a 400 milli\u00f3 lakoshoz k\u00e9pest. A k\u00f6nyvek mint kult\u00farm\u00e9r\u0151k \u00e1ltal\u00e1ban szomor\u00fa k\u00e9pet mutatnak &#8211; nincs kult\u00fara, nincs civiliz\u00e1ci\u00f3, csak egy kis v\u00e9kony r\u00e9tegben &#8211; csak az okos m\u0171vel\u0151dik de m\u00e1sr\u00e9szt vajon terjedhetnek-e ezek a k\u00f6nyvek, amiket most \u00edrnak? Terjedhetnek-e t\u00fal a r\u00e9tegen, van-e benn\u00fck olyan \u00e9rt\u00e9k, amely a nagy \u00f6sszess\u00e9get \u00e9rdekelhetn\u00e9? <strong><em>Nincs.<\/em><\/strong> Vagy klasszikus m\u0171vek, melyeket nem \u00e9rthet az emberis\u00e9g, vagy nyomor\u00fas\u00e1gos, pesszimista l\u00e9lekanal\u00edzisek, melyeket elutas\u00edt mag\u00e1t\u00f3l az eg\u00e9szs\u00e9ges \u00f6ntudat. Pedig a n\u00e9pnek kellene mese, de nem tudnak neki adni. Ijedten tapasztalom, mennyire kezdek k\u00f6zeledni Tolsztoj m\u0171v\u00e9szetellenes \u00e1ll\u00e1spontj\u00e1hoz: amit ma \u00edrnak, az beteg agyak sz\u00fclem\u00e9nye, beteg emberek sz\u00e1m\u00e1ra &#8211; az emberis\u00e9g eg\u00e9szs\u00e9ges, nagy k\u00f6lt\u0151i m\u00e9g nem sz\u00fclettek meg, de ha megsz\u00fcletn\u00e9nek is, tal\u00e1n m\u00e1r elk\u00e9stek, mert a k\u00f6nyv mintha elj\u00e1tszotta volna szerep\u00e9t- helyette, mint n\u00e9pmulattat\u00f3 \u00e9s n\u00e9pk\u00f6lt\u00e9szet feltart\u00f3ztathatatlanul j\u00f6n a mozi!<\/p>\n\n\n\n<p>A <em>Caruso conlra Ramses<\/em> 1922-ben k\u00e9sz\u00fclt el, de csak 1931. okt\u00f3ber 15-\u00e9n mutatta be a Nemzeti Sz\u00ednh\u00e1z Kamarasz\u00ednh\u00e1za Hevesi S\u00e1ndor rendez\u00e9s\u00e9ben.<\/p>\n","protected":false},"excerpt":{"rendered":"<p>K\u00edn\u00e1ban megjelenik a k\u00ednai kalend\u00e1rium 6 milli\u00f3 p\u00e9ld\u00e1nyban; k\u00f6r\u00fclbel\u00fcl a legt\u00f6bb, amit nyomtatott k\u00f6nyv el\u00e9rt, s ez is m\u00e9g kev\u00e9s a 400 milli\u00f3 lakoshoz k\u00e9pest. [&hellip;]<\/p>\n","protected":false},"author":1,"featured_media":0,"comment_status":"open","ping_status":"open","sticky":false,"template":"","format":"standard","meta":{"novablocks_hero_scroll_indicator":false,"novablocks_hero_position_indicators":false},"categories":[1],"tags":[],"_links":{"self":[{"href":"https:\/\/rajongo.lmvk.hu\/index.php?rest_route=\/wp\/v2\/posts\/2309"}],"collection":[{"href":"https:\/\/rajongo.lmvk.hu\/index.php?rest_route=\/wp\/v2\/posts"}],"about":[{"href":"https:\/\/rajongo.lmvk.hu\/index.php?rest_route=\/wp\/v2\/types\/post"}],"author":[{"embeddable":true,"href":"https:\/\/rajongo.lmvk.hu\/index.php?rest_route=\/wp\/v2\/users\/1"}],"replies":[{"embeddable":true,"href":"https:\/\/rajongo.lmvk.hu\/index.php?rest_route=%2Fwp%2Fv2%2Fcomments&post=2309"}],"version-history":[{"count":1,"href":"https:\/\/rajongo.lmvk.hu\/index.php?rest_route=\/wp\/v2\/posts\/2309\/revisions"}],"predecessor-version":[{"id":2310,"href":"https:\/\/rajongo.lmvk.hu\/index.php?rest_route=\/wp\/v2\/posts\/2309\/revisions\/2310"}],"wp:attachment":[{"href":"https:\/\/rajongo.lmvk.hu\/index.php?rest_route=%2Fwp%2Fv2%2Fmedia&parent=2309"}],"wp:term":[{"taxonomy":"category","embeddable":true,"href":"https:\/\/rajongo.lmvk.hu\/index.php?rest_route=%2Fwp%2Fv2%2Fcategories&post=2309"},{"taxonomy":"post_tag","embeddable":true,"href":"https:\/\/rajongo.lmvk.hu\/index.php?rest_route=%2Fwp%2Fv2%2Ftags&post=2309"}],"curies":[{"name":"wp","href":"https:\/\/api.w.org\/{rel}","templated":true}]}}