{"id":2241,"date":"1920-11-23T11:53:00","date_gmt":"1920-11-23T11:53:00","guid":{"rendered":"https:\/\/rajongo.lmvk.hu\/?p=2241"},"modified":"2020-05-17T11:53:41","modified_gmt":"2020-05-17T11:53:41","slug":"1920-11-23","status":"publish","type":"post","link":"https:\/\/rajongo.lmvk.hu\/?p=2241","title":{"rendered":"1920-11-23"},"content":{"rendered":"\n<p>Tegnap este K.-\u00e9kn\u00e1l. H\u00e1rom h\u00f3napja vannak itt &#8211; roppant el vannak keseredve -, mennek haza. Gy\u0171l\u00f6lik \u00e9s ut\u00e1lj\u00e1k Amerik\u00e1t. \u201eNekem &#8211; mondja a kedves kis filoz\u00f3fus tizenh\u00e9t \u00e9ves Lilla &#8211; ez az Amerika nem mond, nem jelent semmit. Ez a f\u00e9ny\u00e1r, ezek a h\u00e1zak, ez a forgalom, ez a v\u00e1s\u00e1r, ez a rengeteg produkci\u00f3, ez a nagy cirkusz nem mond semmit, mert ezek mind csak k\u00fcls\u0151 dolgok, s engem egyed\u00fcl a bels\u0151 \u00e9let \u00e9rdekel, annak pedig itt nincs l\u00e9tjogosults\u00e1ga, nem \u00e9rtik, nem m\u00e9lt\u00e1nyolj\u00e1k, nem kell n\u00e9kik.\u201d Oh, kedves kis fiatal l\u00e1ny, aki ragaszkod\u00f3i a f\u00e1jdalmakhoz, az oktalan s\u00edr\u00e1sokhoz, a fiatals\u00e1g csacsi sz\u00e9p trag\u00e9di\u00e1ihoz, a lelki \u00e9lethez, amit annak \u00e9rzel, nem tudod m\u00e9g, milyen teher az ilyen lelki \u00e9letet, \u00e1lland\u00f3 konfliktusokat, medd\u0151 medit\u00e1ci\u00f3kat cipelni mag\u00e1val az embernek egy \u00e9leten kereszt\u00fcl. H\u00e1t nem j\u00f3 azt n\u00e9ha eldobni, megszabadulni t\u0151le egy id\u0151re, kioper\u00e1lni, mint egy beteg testet? Nem szenved\u00fcnk-e a lelki \u00e9let hipertr\u00f3fi\u00e1j\u00e1ban, amit az eur\u00f3pai irodalom duzzaszt \u00edgy meg, felesleges konfliktusokba, oktalan f\u00e1jdalmakba, melyek mint a sz\u00fa, r\u00e1gj\u00e1k az \u00e9letet? Amerika, igaz, nem kedvez a lelki konfliktusoknak, kiszell\u0151zteti \u0151ket, de amennyit ez\u00e1ltal veszt a l\u00e9lek \u00e9rz\u00e9kenys\u00e9gb\u0151l s finoms\u00e1gb\u00f3l, ann\u00e1l eg\u00e9szs\u00e9gesebb lesz &#8211; s oly j\u00f3, egyetlen j\u00f3, eg\u00e9szs\u00e9gesnek lenni!<\/p>\n","protected":false},"excerpt":{"rendered":"<p>Tegnap este K.-\u00e9kn\u00e1l. H\u00e1rom h\u00f3napja vannak itt &#8211; roppant el vannak keseredve -, mennek haza. Gy\u0171l\u00f6lik \u00e9s ut\u00e1lj\u00e1k Amerik\u00e1t. \u201eNekem &#8211; mondja a kedves kis [&hellip;]<\/p>\n","protected":false},"author":1,"featured_media":0,"comment_status":"open","ping_status":"open","sticky":false,"template":"","format":"standard","meta":{"novablocks_hero_scroll_indicator":false,"novablocks_hero_position_indicators":false},"categories":[1],"tags":[],"_links":{"self":[{"href":"https:\/\/rajongo.lmvk.hu\/index.php?rest_route=\/wp\/v2\/posts\/2241"}],"collection":[{"href":"https:\/\/rajongo.lmvk.hu\/index.php?rest_route=\/wp\/v2\/posts"}],"about":[{"href":"https:\/\/rajongo.lmvk.hu\/index.php?rest_route=\/wp\/v2\/types\/post"}],"author":[{"embeddable":true,"href":"https:\/\/rajongo.lmvk.hu\/index.php?rest_route=\/wp\/v2\/users\/1"}],"replies":[{"embeddable":true,"href":"https:\/\/rajongo.lmvk.hu\/index.php?rest_route=%2Fwp%2Fv2%2Fcomments&post=2241"}],"version-history":[{"count":1,"href":"https:\/\/rajongo.lmvk.hu\/index.php?rest_route=\/wp\/v2\/posts\/2241\/revisions"}],"predecessor-version":[{"id":2242,"href":"https:\/\/rajongo.lmvk.hu\/index.php?rest_route=\/wp\/v2\/posts\/2241\/revisions\/2242"}],"wp:attachment":[{"href":"https:\/\/rajongo.lmvk.hu\/index.php?rest_route=%2Fwp%2Fv2%2Fmedia&parent=2241"}],"wp:term":[{"taxonomy":"category","embeddable":true,"href":"https:\/\/rajongo.lmvk.hu\/index.php?rest_route=%2Fwp%2Fv2%2Fcategories&post=2241"},{"taxonomy":"post_tag","embeddable":true,"href":"https:\/\/rajongo.lmvk.hu\/index.php?rest_route=%2Fwp%2Fv2%2Ftags&post=2241"}],"curies":[{"name":"wp","href":"https:\/\/api.w.org\/{rel}","templated":true}]}}