{"id":2231,"date":"1920-11-18T06:05:00","date_gmt":"1920-11-18T06:05:00","guid":{"rendered":"https:\/\/rajongo.lmvk.hu\/?p=2231"},"modified":"2020-05-17T10:59:37","modified_gmt":"2020-05-17T10:59:37","slug":"1920-11-18","status":"publish","type":"post","link":"https:\/\/rajongo.lmvk.hu\/?p=2231","title":{"rendered":"1920-11-18"},"content":{"rendered":"\n<p>Mikor gyerek voltam, b\u0151 fant\u00e1zi\u00e1val, amely a csillagokig rep\u00fcl, sokat k\u00e9pzel\u0151dtem mindenf\u00e9le dologr\u00f3l &#8211; \u00e9letr\u0151l &#8211; n\u0151r\u0151l- tengerr\u0151l &#8211; sikerr\u0151l &#8211; v\u00e1rosr\u00f3l&#8230; S tal\u00e1n az\u00e9rt lett k\u00e9s\u0151bb oly szomor\u00fa az \u00e9letem, mert a val\u00f3s\u00e1g mindig rideg, s szeg\u00e9nyes volt a r\u00e9gi fant\u00e1zi\u00e1hoz k\u00e9pest &#8211; minden alatta maradt annak amit v\u00e1rtam nem is \u00e9rhette el, mert most l\u00e1tom, azok a gyerekkori fant\u00e1zi\u00e1k a <em>n\u00e9pmese<\/em> csod\u00e1s elemeib\u0151l sz\u00f6v\u0151dtek. Eml\u00e9kszem, mily csal\u00f3d\u00e1s volt nekem &#8211; mikor mint falusi gyerek Budapestre ker\u00fcltem &#8211; a v\u00e1ros. H\u00e1t ez az eg\u00e9sz? &#8211; gondoltam cs\u00fcggedten \u00e9s csal\u00f3dva &#8211; ez a nagyv\u00e1ros? Nem ilyennek k\u00e9pzeltem&#8230; S \u00e9pp- ily csal\u00f3d\u00e1s volt a r\u00e9szemre Berlin &#8211; s\u0151t London is&#8230; Tudtam a nagys\u00e1g\u00e1t, de nem \u00e9reztem a monumentalit\u00e1s\u00e1t. Nekem a V\u00e1rosr\u00f3l eg\u00e9sz m\u00e1s k\u00e9pzeteim voltak. S eml\u00e9kszem, mily rendk\u00edv\u00fcl le voltam s\u00fajtva, mikor egyszer Londonb\u00f3l P\u00e1rizsba j\u00f6ttem &#8211; este \u00e9rkeztem meg, s London forgalma s f\u00e9nye m\u00e9g a f\u00fclemben s szememben volt &#8211; eg\u00e9sz k\u00e9ts\u00e9gbeestem P\u00e1rizs szeg\u00e9nyes ej]\u00e9li \u00e9let\u00e9n: \u201eMicsoda s\u00f6t\u00e9t mez\u0151v\u00e1rosba jutottam!\u201d &#8211; ki\u00e1ltottam fel komikus k\u00e9ts\u00e9gbees\u00e9ssel. &nbsp; ,<\/p>\n\n\n\n<p>New York az els\u0151 v\u00e1ros, amely nemcsak kiel\u00e9g\u00edtette, hanem fel\u00fclhaladta a fant\u00e1zi\u00e1mat. New York: A V\u00e1ros. Nem lehet valami zs\u00fafoltabbat, hatalmasabbat &#8211; modernebbet elk\u00e9pzelni. New York-ot a mai ember \u00e9p\u00edtette, a mai m\u00e9reteknek felel meg <\/p>\n\n\n\n<p>&#8211; a ma liheg benne, a ma ny\u00fajtja \u00e9p\u00fcletormait az \u00e9g fel\u00e9&#8230; Azt lehetne k\u00e9pzelni, hogy akik ezeket a hars\u00e1ny \u00e9p\u00fclett\u00f6mb\u00f6ket felr\u00f6p\u00edtett\u00e9k a leveg\u0151be, akik ezeket a vonalakat \u00e9s s\u00edkokat belerajzolt\u00e1k a t\u00e9rbe, azok semmif\u00e9le m\u00e1s \u00e9p\u00edt\u0151st\u00edlust nem ismertek &#8211; ez\u00e9rt tudtak annyira b\u00e1trak, modernek, maiak lenni. Ezt a gy\u00f6keres szak\u00edt\u00e1st a m\u00falttal m\u00e9g csak azokn\u00e1l lehet megtal\u00e1lni, akik az \u00faj ut\u00e1n val\u00f3 elsz\u00e1nt liheg\u00e9sben befogt\u00e1k szemeiket s f\u00fcleiket, s \u00faj k\u00e9peket vizion\u00e1ltak maguk el\u00e9; a kubist\u00e1kn\u00e1l. \u00c9s val\u00f3ban, els\u0151 impresszi\u00f3m New Yorkr\u00f3l az, hogy kubista v\u00e1ros.<\/p>\n\n\n\n<p>De nem er\u0151szakoltan \u00faj. Tudjuk fejl\u0151d\u00e9s\u00e9nek t\u00f6rv\u00e9nyeit. Adva volt egy keskeny, szikl\u00e1s f\u00f6lds\u00e1v, egy \u00f3ri\u00e1si m\u00e9rt\u00e9kben n\u00f6veked\u0151, s rendk\u00edv\u00fcli \u00fczleti forgalm\u00fa kik\u00f6t\u0151v\u00e1ros r\u00e9sz\u00e9re. A v\u00e1ros nem terjeszkedhetett sz\u00e9jjel, teh\u00e1t magass\u00e1gba kellett mennie; ebb\u0151l t\u00e1madt \u00e9p\u00edt\u00e9szeti st\u00edlusa, mely &#8211; ha minden\u00e1ron a m\u00faltb\u00f3l akarunk hozz\u00e1 hasonlatot keresni &#8211; egy \u00faj, friss g\u00f3tik\u00e1nak felel meg legink\u00e1bb.<\/p>\n\n\n\n<p>Csodasz\u00e9p. Nem tudom, honnan eredt az eur\u00f3pai legenda, hogy New York cs\u00fanya. Csak azok l\u00e1thatt\u00e1k cs\u00fany\u00e1nak, akiknek az \u00faj m\u0171v\u00e9szet sem fest\u00e9sben, sem zen\u00e9ben, sem \u00e9p\u00edt\u00e9szetben nem jelent semmit&#8230; Igaz, fest\u0151nek, \u00edr\u00f3nak, zen\u00e9sznek k\u00f6nnyebb dolga van, ha kor\u00e1t, mai \u00e9rz\u00e9seit akarja kifejezni &#8211; t\u00e1madtak tehets\u00e9gek, akik heroikus\u00e1n tudtak szak\u00edtani a m\u00falttal -, de az \u00e9p\u00edt\u00e9sznek &#8211; k\u00fcl\u00f6n\u00f6sen Eur\u00f3p\u00e1ban &#8211; nagyon neh\u00e9z \u00faj fant\u00e1zi\u00e1t megval\u00f3s\u00edtani. Az eur\u00f3pai v\u00e1ros k\u00f6veiben eg\u00e9sz m\u00faltja le van rakva &#8211; az egym\u00e1s ut\u00e1n k\u00f6vetkez\u0151 korok mind nyomot hagytak \u00e9p\u00edt\u00e9szet\u00e9n, melyhez egy gy\u00e1va, haboz\u00f3 s tehets\u00e9gtelen moderns\u00e9g csatlakozik. Nem is lehet ez az \u00e9p\u00edtkez\u00e9s elhat\u00e1rozottan \u00e9s frissen modern, mert rik\u00edt\u00f3 kontrasztot alkotna a t\u00f6bbi r\u00e9gi \u00e9p\u00fclet mellett, teh\u00e1t opportunus, alkalmazkod\u00f3, teh\u00e1t nem teljes lelkiekb\u0151l csin\u00e1lt &#8211; nem igaz\u00e1n mai -, nem fejezi ki kor\u00e1t &#8211; nem sz\u00e9p. New York \u00faj \u00e9p\u00edt\u00e9szete azonban hatalmas \u00e9s sz\u00e9p, mert tiszta egys\u00e9ges st\u00edlus\u00fa, s mai fant\u00e1zi\u00e1nk, \u00e1lmaink, elk\u00e9pzel\u00e9seink \u00f6ltenek benne testet. New York az \u00faj \u00e9p\u00edt\u0151m\u0171v\u00e9szet szempontj\u00e1b\u00f3l annyit jelent, s \u00e9ppoly sz\u00e9p &#8211; mint Velence a r\u00e9gi m\u0171v\u00e9szet szempontj\u00e1b\u00f3l&#8230; S ezt az \u00faj st\u00edlust \u00e9pp\u00fagy tan\u00edtani fogj\u00e1k az iskol\u00e1kban, mint a r\u00e9gi \u00e9p\u00edt\u00e9szeti st\u00edlusokat.<\/p>\n\n\n\n<p><\/p>\n","protected":false},"excerpt":{"rendered":"<p>Mikor gyerek voltam, b\u0151 fant\u00e1zi\u00e1val, amely a csillagokig rep\u00fcl, sokat k\u00e9pzel\u0151dtem mindenf\u00e9le dologr\u00f3l &#8211; \u00e9letr\u0151l &#8211; n\u0151r\u0151l- tengerr\u0151l &#8211; sikerr\u0151l &#8211; v\u00e1rosr\u00f3l&#8230; S tal\u00e1n az\u00e9rt [&hellip;]<\/p>\n","protected":false},"author":1,"featured_media":0,"comment_status":"open","ping_status":"open","sticky":false,"template":"","format":"standard","meta":{"novablocks_hero_scroll_indicator":false,"novablocks_hero_position_indicators":false},"categories":[1],"tags":[],"_links":{"self":[{"href":"https:\/\/rajongo.lmvk.hu\/index.php?rest_route=\/wp\/v2\/posts\/2231"}],"collection":[{"href":"https:\/\/rajongo.lmvk.hu\/index.php?rest_route=\/wp\/v2\/posts"}],"about":[{"href":"https:\/\/rajongo.lmvk.hu\/index.php?rest_route=\/wp\/v2\/types\/post"}],"author":[{"embeddable":true,"href":"https:\/\/rajongo.lmvk.hu\/index.php?rest_route=\/wp\/v2\/users\/1"}],"replies":[{"embeddable":true,"href":"https:\/\/rajongo.lmvk.hu\/index.php?rest_route=%2Fwp%2Fv2%2Fcomments&post=2231"}],"version-history":[{"count":3,"href":"https:\/\/rajongo.lmvk.hu\/index.php?rest_route=\/wp\/v2\/posts\/2231\/revisions"}],"predecessor-version":[{"id":2234,"href":"https:\/\/rajongo.lmvk.hu\/index.php?rest_route=\/wp\/v2\/posts\/2231\/revisions\/2234"}],"wp:attachment":[{"href":"https:\/\/rajongo.lmvk.hu\/index.php?rest_route=%2Fwp%2Fv2%2Fmedia&parent=2231"}],"wp:term":[{"taxonomy":"category","embeddable":true,"href":"https:\/\/rajongo.lmvk.hu\/index.php?rest_route=%2Fwp%2Fv2%2Fcategories&post=2231"},{"taxonomy":"post_tag","embeddable":true,"href":"https:\/\/rajongo.lmvk.hu\/index.php?rest_route=%2Fwp%2Fv2%2Ftags&post=2231"}],"curies":[{"name":"wp","href":"https:\/\/api.w.org\/{rel}","templated":true}]}}