{"id":2225,"date":"1920-11-04T05:58:00","date_gmt":"1920-11-04T05:58:00","guid":{"rendered":"https:\/\/rajongo.lmvk.hu\/?p=2225"},"modified":"2020-05-17T05:59:23","modified_gmt":"2020-05-17T05:59:23","slug":"amszterdam-1920-11-04","status":"publish","type":"post","link":"https:\/\/rajongo.lmvk.hu\/?p=2225","title":{"rendered":"Amszterdam, 1920-11-04"},"content":{"rendered":"\n<p>\u00c9szaki Velence &#8211; ezt a kifejez\u00e9st biztosan m\u00e1r m\u00e1sok is kital\u00e1lt\u00e1k Amszterdamra. Hallatlanul pittoreszk. \u00c9rdekes, s szinte meg- magyar\u00e1zhatatlan, hogy germ\u00e1n, normann, sz\u00e1sz \u00e9s skandin\u00e1v n\u00e9pekt\u0151l hat\u00e1rolva, honnan t\u00e1madt ez a d\u00e9li, meleg, rendetlen fest\u0151i atmoszf\u00e9ra.<\/p>\n\n\n\n<p>Visszautaz\u00e1s a b\u00e9k\u00e9be. K\u00f6z\u00e9p-Eur\u00f3pa nyomor\u00fas\u00e1ga ut\u00e1n rendk\u00edv\u00fcli b\u0151s\u00e9g. K\u00fcl\u00f6n\u00f6sen ez a tej- \u00e9s vaj\u00e1radat szokatlan nek\u00fcnk de annyira, hogy a megmaradt vajat m\u00e9g mindig e rakjuk, mert nem tudjuk elhinni, hogy m\u00e9g van bel\u0151le, hogy a k\u00f6vetkez\u0151 \u00e9tkez\u00e9sn\u00e9l megint \u00fajb\u00f3l kapunk.<\/p>\n\n\n\n<p>M\u00e9lys\u00e9ges meghajl\u00e1s a m\u00fazeumban Rembrandt <em>\u00c9jjeli \u0151rs\u00e9ge<\/em>* el\u0151tt. Megint azt \u00e9reztem, mint t\u00edz \u00e9vvel ezel\u0151tt Londonban a National Gallery Rembrandt-term\u00e9ben, hogy itt minden m\u0171v\u00e9szeten t\u00falmen\u0151 k\u00eds\u00e9rteties dologgal \u00e1llok szemben. Ezek az alakok nem festve vannak, hanem kilopott lelk\u00fcket l\u00e1ncolta a v\u00e1szonhoz a nagy var\u00e1zsl\u00f3 &#8211; s ha egyed\u00fcl van az ember a teremben, felni lehet, hogy a r\u00e9gi figur\u00e1k kil\u00e9pnek r\u00e1m\u00e1ikb\u00f3l.*Helyesen: <em>\u00c9jjeli \u0151rj\u00e1rat.<\/em><\/p>\n","protected":false},"excerpt":{"rendered":"<p>\u00c9szaki Velence &#8211; ezt a kifejez\u00e9st biztosan m\u00e1r m\u00e1sok is kital\u00e1lt\u00e1k Amszterdamra. Hallatlanul pittoreszk. \u00c9rdekes, s szinte meg- magyar\u00e1zhatatlan, hogy germ\u00e1n, normann, sz\u00e1sz \u00e9s skandin\u00e1v [&hellip;]<\/p>\n","protected":false},"author":1,"featured_media":0,"comment_status":"open","ping_status":"open","sticky":false,"template":"","format":"standard","meta":{"novablocks_hero_scroll_indicator":false,"novablocks_hero_position_indicators":false},"categories":[1],"tags":[],"_links":{"self":[{"href":"https:\/\/rajongo.lmvk.hu\/index.php?rest_route=\/wp\/v2\/posts\/2225"}],"collection":[{"href":"https:\/\/rajongo.lmvk.hu\/index.php?rest_route=\/wp\/v2\/posts"}],"about":[{"href":"https:\/\/rajongo.lmvk.hu\/index.php?rest_route=\/wp\/v2\/types\/post"}],"author":[{"embeddable":true,"href":"https:\/\/rajongo.lmvk.hu\/index.php?rest_route=\/wp\/v2\/users\/1"}],"replies":[{"embeddable":true,"href":"https:\/\/rajongo.lmvk.hu\/index.php?rest_route=%2Fwp%2Fv2%2Fcomments&post=2225"}],"version-history":[{"count":1,"href":"https:\/\/rajongo.lmvk.hu\/index.php?rest_route=\/wp\/v2\/posts\/2225\/revisions"}],"predecessor-version":[{"id":2226,"href":"https:\/\/rajongo.lmvk.hu\/index.php?rest_route=\/wp\/v2\/posts\/2225\/revisions\/2226"}],"wp:attachment":[{"href":"https:\/\/rajongo.lmvk.hu\/index.php?rest_route=%2Fwp%2Fv2%2Fmedia&parent=2225"}],"wp:term":[{"taxonomy":"category","embeddable":true,"href":"https:\/\/rajongo.lmvk.hu\/index.php?rest_route=%2Fwp%2Fv2%2Fcategories&post=2225"},{"taxonomy":"post_tag","embeddable":true,"href":"https:\/\/rajongo.lmvk.hu\/index.php?rest_route=%2Fwp%2Fv2%2Ftags&post=2225"}],"curies":[{"name":"wp","href":"https:\/\/api.w.org\/{rel}","templated":true}]}}