{"id":2186,"date":"1919-08-04T17:58:27","date_gmt":"1919-08-04T17:58:27","guid":{"rendered":"https:\/\/rajongo.lmvk.hu\/?p=2186"},"modified":"2020-05-16T17:59:28","modified_gmt":"2020-05-16T17:59:28","slug":"1919-08-04","status":"publish","type":"post","link":"https:\/\/rajongo.lmvk.hu\/?p=2186","title":{"rendered":"1919-08-04"},"content":{"rendered":"\n<p>P\u00e9nteken estefel\u00e9 elindulok az Otthonba, az utc\u00e1n mondja Er\u00e9nyi N\u00e1ndor, hogy a prolet\u00e1rdiktat\u00fara \u00f6sszeomlott&#8230; Ojelen volt az utols\u00f3 \u00fcl\u00e9sen. Kun B\u00e9la s\u00edrt, mikor bejelentette, s \u00e1tkozta a proletari\u00e1tust, mely nem volt el\u00e9gg\u00e9 fejlett.<\/p>\n\n\n\n<p>A tegnapel\u0151tti tragikus nap volt; bevonultak a rom\u00e1nok.<\/p>\n\n\n\n<p>Andr\u00e1ssy \u00fati erk\u00e9ly\u00fcnkr\u0151l n\u00e9zt\u00fck, s az volt az \u00e9rz\u00e9sem, hogy m\u00e1s fajbeli f\u00e9rfiak er\u0151szakot k\u00f6vetnek el a v\u00e1roson. R\u00e9mes nap volt, b\u00e1r sokszor azt hiszem, hogy m\u00e1r mindenen t\u00fal vagyok. Viszont most l\u00e1ttam el\u0151sz\u00f6r, hogy a hadsereg m\u00e9gis egyfajta er\u0151nek az exponense, s fejl\u0151d\u00e9s\u00e9nek, de egyszersmind veszt\u00e9nek is a f\u0151 t\u00e9nyez\u0151je.<\/p>\n\n\n\n<p>Nemr\u00e9g Szeg\u0151 egy kis olasz szigetet eml\u00edtett, a dalm\u00e1t partokon. Oda kellene menn\u00fcnk n\u00e9h\u00e1ny esztend\u0151re: kert\u00e9szkedni, s meg\u00edrni az igazi nagy m\u0171veket&#8230;<\/p>\n\n\n\n<p>A K\u00e1rolyi-korm\u00e1ny alatt a Nemzeti Sz\u00ednh\u00e1z m\u0171sorra t\u0171zte <em>Az igazi h\u0151st,<\/em> de a darab nem ker\u00fclt el\u0151ad\u00e1sra. A kommunizmus kezdet\u00e9n \u00fajb\u00f3l kit\u0171zt\u00e9k, de a rendszer minden volt, csak nem pacifista, s levett\u00e9k a m\u0171sorr\u00f3l.<\/p>\n\n\n\n<p>Most a nagy reakci\u00f3 j\u00f6n, el\u0151bb a rom\u00e1n majd a biztos feh\u00e9rterror.<\/p>\n\n\n\n<p>Felmentem az \u00fatlev\u00e9loszt\u00e1lyra, mely utols\u00f3 \u00f3r\u00e1it \u00e9lte. Azon helyben r\u00f6gt\u00f6n megkaptam az \u00fatlevel\u00fcnket. Lak\u00e1sunkat, sz\u00e9p k\u00f6nyvt\u00e1ramat, irataimat, k\u00e9peimet egy rokonunk \u0151rizet\u00e9re b\u00edztuk. P\u00e9nzem nem volt, de a m\u00e1snapi dunai haj\u00f3val n\u00e9gyen &#8211; feles\u00e9gem \u00e9desanyj\u00e1val \u00e9s kisfi\u00fankkal &#8211; elindultunk B\u00e9cs fel\u00e9. Ott viszonylag rend volt &#8211; szocialista k\u00f6zt\u00e1rsas\u00e1g. J\u00e1tszottak a sz\u00ednh\u00e1zak, tele voltak a k\u00e1v\u00e9h\u00e1zak. Az els\u0151 \u00e9jszak\u00e1n egy kis hotelben kaptunk sz\u00e1ll\u00e1st, m\u00e1snap \u00fcgyn\u00f6k\u00f6mn\u00e9l sz\u0171k\u00f6sen elhelyezkedt\u00fcnk, aki \u00e1tseg\u00edtett az els\u0151 neh\u00e9z napokon. \u00edgy B\u00e9csb\u0151l M\u00fcnchenbe mehett\u00fcnk, otthagytam a csal\u00e1dot, s \u00e9n Berlinbe utaztam.<\/p>\n\n\n\n<p>Berlin! El\u0151vettem r\u00e9gi telefonk\u00f6nyvemet. Sok bar\u00e1tot nem tal\u00e1ltam, roppant megv\u00e1ltozott minden. De R\u00f3bert Jen\u0151, aki annak idej\u00e9n el\u0151adta Bir\u00f3 Lajossal \u00edrt darabunkat, <em>A c\u00e1rn\u0151t,<\/em> ott volt, \u00fagy mint egy r\u00e9gi ismer\u0151s\u00f6m, Soml\u00f3 a filmv\u00e1llalkoz\u00f3.<\/p>\n\n\n\n<p>S m\u00e9g t\u00f6bben. \u00d6r\u00fclt\u00fcnk egym\u00e1snak!<\/p>\n\n\n\n<p>Nos, r\u00e9gi sz\u00e9p sz\u00edndarab\u00edr\u00f3i magas p\u00e1lya! Egyel\u0151re, fill\u00e9r n\u00e9lk\u00fcl \u00e1llva, b\u00facs\u00fat kellett t\u0151le venni. S mindig t\u00e9ved\u00e9se volt \u00e9letemnek, mikor b\u00facs\u00fat mondtam a sz\u00ednh\u00e1znak, s a film \u00fatj\u00e1ra t\u00e9vedtem.<\/p>\n\n\n\n<p>N\u00e9metorsz\u00e1gban iszony\u00fa infl\u00e1ci\u00f3 volt, reggelt\u0151l estig \u00f3ri\u00e1sit esett a m\u00e1rka. Sok milli\u00f3kban sz\u00e1m\u00edtott\u00e1k a legszer\u00e9nyebb \u00e9lelmiszereket. Akkor egy amerikai sz\u00ednh\u00e1zi \u00fcgyn\u00f6k potom \u00e1ron, de doll\u00e1rban, \u00f6sszev\u00e1s\u00e1rolta sikeres darabok filmjogait.\u00edgy <em>A c\u00e1rn\u0151<\/em> filmjog\u00e1t is megvette nevets\u00e9ges doll\u00e1r\u00f6sszeg\u00e9rt, ami azonban akkor ott komoly p\u00e9nzt jelentett. Ez az \u00fcgyn\u00f6k h\u00edvott New Yorkba, hogy ismerjem meg v\u00e9gre az amerikai sz\u00ednh\u00e1zi \u00e9letet. Feles\u00e9gemmel elhat\u00e1roztuk, hogy \u00e1tmegy\u00fcnk. Kisfi\u00fankat nagyanyja \u0151rizet\u00e9re b\u00edztuk weimari bar\u00e1tainkn\u00e1l.<\/p>\n","protected":false},"excerpt":{"rendered":"<p>P\u00e9nteken estefel\u00e9 elindulok az Otthonba, az utc\u00e1n mondja Er\u00e9nyi N\u00e1ndor, hogy a prolet\u00e1rdiktat\u00fara \u00f6sszeomlott&#8230; Ojelen volt az utols\u00f3 \u00fcl\u00e9sen. Kun B\u00e9la s\u00edrt, mikor bejelentette, s [&hellip;]<\/p>\n","protected":false},"author":1,"featured_media":0,"comment_status":"open","ping_status":"open","sticky":false,"template":"","format":"standard","meta":{"novablocks_hero_scroll_indicator":false,"novablocks_hero_position_indicators":false},"categories":[1],"tags":[],"_links":{"self":[{"href":"https:\/\/rajongo.lmvk.hu\/index.php?rest_route=\/wp\/v2\/posts\/2186"}],"collection":[{"href":"https:\/\/rajongo.lmvk.hu\/index.php?rest_route=\/wp\/v2\/posts"}],"about":[{"href":"https:\/\/rajongo.lmvk.hu\/index.php?rest_route=\/wp\/v2\/types\/post"}],"author":[{"embeddable":true,"href":"https:\/\/rajongo.lmvk.hu\/index.php?rest_route=\/wp\/v2\/users\/1"}],"replies":[{"embeddable":true,"href":"https:\/\/rajongo.lmvk.hu\/index.php?rest_route=%2Fwp%2Fv2%2Fcomments&post=2186"}],"version-history":[{"count":1,"href":"https:\/\/rajongo.lmvk.hu\/index.php?rest_route=\/wp\/v2\/posts\/2186\/revisions"}],"predecessor-version":[{"id":2187,"href":"https:\/\/rajongo.lmvk.hu\/index.php?rest_route=\/wp\/v2\/posts\/2186\/revisions\/2187"}],"wp:attachment":[{"href":"https:\/\/rajongo.lmvk.hu\/index.php?rest_route=%2Fwp%2Fv2%2Fmedia&parent=2186"}],"wp:term":[{"taxonomy":"category","embeddable":true,"href":"https:\/\/rajongo.lmvk.hu\/index.php?rest_route=%2Fwp%2Fv2%2Fcategories&post=2186"},{"taxonomy":"post_tag","embeddable":true,"href":"https:\/\/rajongo.lmvk.hu\/index.php?rest_route=%2Fwp%2Fv2%2Ftags&post=2186"}],"curies":[{"name":"wp","href":"https:\/\/api.w.org\/{rel}","templated":true}]}}