{"id":2184,"date":"1919-07-29T17:56:54","date_gmt":"1919-07-29T17:56:54","guid":{"rendered":"https:\/\/rajongo.lmvk.hu\/?p=2184"},"modified":"2020-05-16T17:58:20","modified_gmt":"2020-05-16T17:58:20","slug":"1919-07-29","status":"publish","type":"post","link":"https:\/\/rajongo.lmvk.hu\/?p=2184","title":{"rendered":"1919-07-29"},"content":{"rendered":"\n<p>Sz\u00e9pen lehetne a vil\u00e1got berendezni s a bolseviki \u00e1br\u00e1nd, amit minap olvastam, igaz\u00e1n afel\u00e9 mutat. Meg kellene val\u00f3s\u00edtani, hogy mindenki lak\u00e1st, \u00e9lelmet, ruh\u00e1zatot stb., kapjon az \u00e1llamt\u00f3l s ezenfel\u00fcl fizet\u00e9st, s ez\u00e9rt bizonyos munkamennyis\u00e9get kellene teljes\u00edtenie &#8211; amely az emberi k\u00f6z\u00f6ss\u00e9g sz\u00fcks\u00e9gleteit el\u00e9g\u00edten\u00e9 ki els\u0151sorban &#8211; a legnyomaszt\u00f3bb terhet, a holnap gondj\u00e1t venn\u00e9 le r\u00f3la, s a nyomor\u00fas\u00e1gt\u00f3l, az \u00e9hez\u00e9st\u0151l s az \u00f6regs\u00e9gt\u0151l val\u00f3 f\u00e9lelmet sz\u00fcntetn\u00e9 meg, mert az \u00e1llam m\u00e9g betegs\u00e9g \u00e9s munkak\u00e9ptelens\u00e9g eset\u00e9n is gondoskodna r\u00f3la. Oly egyenletes sz\u00e9p termel\u00e9st, b\u00f6lcs berendez\u00e9st lehetne el\u00e9rni azon a p\u00e9nzen, amit most moh\u00f3 v\u00e1llalkoz\u00f3k \u00f6sszehar\u00e1csolnak, s ami h\u00e1bor\u00fas el\u0151k\u00e9sz\u00fcletre, egy uralkod\u00f3 oszt\u00e1ly s militarizmus fenntart\u00e1s\u00e1ra megy. \u00c1tv\u00e1ltozik-e vajon valamikor a vil\u00e1gk\u00e9p abba az ir\u00e1nyba, ami \u00e1ltal\u00e1nos emberi nyugalmat s b\u00e9k\u00e9t \u00e9s j\u00f3l\u00e9tet eredm\u00e9nyezne \u2014 vagy benne maradunk-e abban a r\u00e9gi t\u00f6rt\u00e9nelem \u00e1ltal fert\u0151z\u00f6tt l\u00e9gk\u00f6rben, aminek egy el\u0151tt\u00fcnk elrohan\u00f3 katon\u00e1kkal telet\u00f6m\u00f6tt hossz\u00fa vonat a v\u00e9szjele &#8211; mely gyilkol\u00e1sba s hal\u00e1lba<\/p>\n\n\n\n<p>visz? .<\/p>\n\n\n\n<p>Mit \u00e9rek vele, hogy sz\u00e9p a darabom, ha nem tudom eljuttatniaz emberekhez? <em>Az igazi h\u0151s<\/em> fi\u00f3komban pihen. Fontos, jelent\u00e9keny darabnak tartom. Sv\u00e1jcban Danegger sajn\u00e1lattal jelentette, hogy b\u00e1rmily kit\u0171n\u0151, a sz\u00ednh\u00e1z egy ilyen er\u0151s pacifista darabot nem ad el\u0151. N\u00e9h\u00e1ny sz\u00ednh\u00e1zi bar\u00e1tomnak is megmutattam, ijedten s\u00fagt\u00e1k &#8211; rejtsd el, mert bajba ker\u00fclsz! Ment\u0151i er\u0151sebb a darabbal szemben az ellenz\u00e9s, engem ann\u00e1l kev\u00e9sb\u00e9 \u00e9rint.<\/p>\n","protected":false},"excerpt":{"rendered":"<p>Sz\u00e9pen lehetne a vil\u00e1got berendezni s a bolseviki \u00e1br\u00e1nd, amit minap olvastam, igaz\u00e1n afel\u00e9 mutat. Meg kellene val\u00f3s\u00edtani, hogy mindenki lak\u00e1st, \u00e9lelmet, ruh\u00e1zatot stb., kapjon [&hellip;]<\/p>\n","protected":false},"author":1,"featured_media":0,"comment_status":"open","ping_status":"open","sticky":false,"template":"","format":"standard","meta":{"novablocks_hero_scroll_indicator":false,"novablocks_hero_position_indicators":false},"categories":[1],"tags":[],"_links":{"self":[{"href":"https:\/\/rajongo.lmvk.hu\/index.php?rest_route=\/wp\/v2\/posts\/2184"}],"collection":[{"href":"https:\/\/rajongo.lmvk.hu\/index.php?rest_route=\/wp\/v2\/posts"}],"about":[{"href":"https:\/\/rajongo.lmvk.hu\/index.php?rest_route=\/wp\/v2\/types\/post"}],"author":[{"embeddable":true,"href":"https:\/\/rajongo.lmvk.hu\/index.php?rest_route=\/wp\/v2\/users\/1"}],"replies":[{"embeddable":true,"href":"https:\/\/rajongo.lmvk.hu\/index.php?rest_route=%2Fwp%2Fv2%2Fcomments&post=2184"}],"version-history":[{"count":1,"href":"https:\/\/rajongo.lmvk.hu\/index.php?rest_route=\/wp\/v2\/posts\/2184\/revisions"}],"predecessor-version":[{"id":2185,"href":"https:\/\/rajongo.lmvk.hu\/index.php?rest_route=\/wp\/v2\/posts\/2184\/revisions\/2185"}],"wp:attachment":[{"href":"https:\/\/rajongo.lmvk.hu\/index.php?rest_route=%2Fwp%2Fv2%2Fmedia&parent=2184"}],"wp:term":[{"taxonomy":"category","embeddable":true,"href":"https:\/\/rajongo.lmvk.hu\/index.php?rest_route=%2Fwp%2Fv2%2Fcategories&post=2184"},{"taxonomy":"post_tag","embeddable":true,"href":"https:\/\/rajongo.lmvk.hu\/index.php?rest_route=%2Fwp%2Fv2%2Ftags&post=2184"}],"curies":[{"name":"wp","href":"https:\/\/api.w.org\/{rel}","templated":true}]}}